
{"id":90368,"date":"2016-10-14T08:30:49","date_gmt":"2016-10-14T06:30:49","guid":{"rendered":"http:\/\/www.cinevox.be\/?p=90368"},"modified":"2016-10-13T08:49:29","modified_gmt":"2016-10-13T06:49:29","slug":"lagenda-des-sorties-coproductions-et-acteurs-belges-xx-septembre-2016-ils-sont-sortis-ou-vont-sortir-en-france-on-les-attend","status":"publish","type":"post","link":"https:\/\/w-l-c.be\/fr\/lagenda-des-sorties-coproductions-et-acteurs-belges-xx-septembre-2016-ils-sont-sortis-ou-vont-sortir-en-france-on-les-attend\/","title":{"rendered":"L\u2019agenda des sorties : coproductions et acteurs belges [14 octobre 2016] &#8211; Ils sont sortis ou vont sortir en France, on les attend"},"content":{"rendered":"<p><em>\u00a0A c\u00f4t\u00e9 des \u00a0agendas qui reprennent tous les films belges d\u00e9j\u00e0 dat\u00e9s ou pas (nouvelle \u00e9dition la semaine prochaine) et les films coproduits en Belgique ou\/et mettant en vedette un ou plusieurs talents belges, voici un quatri\u00e8me\u00a0rendez-vous r\u00e9gulier.<\/em><\/p>\n<p><em>Il s&rsquo;agit de pointer ici tous les films\u00a0coproduits en Belgique ou\/et mettant en vedette un ou plusieurs talents belges (bis repetitita) MAIS qui s&rsquo;ils ne sont pas dat\u00e9s chez nous le sont d\u00e9j\u00e0 en France. Certains sont m\u00eame d\u00e9j\u00e0 sortis en Hexagone.<\/em><\/p>\n<p><em>\u00a0<\/em><em>Histoire de savoir ce qu\u2019on peut attendre\u2026 et ce qu\u2019on loupe.<\/em><\/p>\n<p><!--more--><\/p>\n<h1><\/h1>\n<h1>[\u00c9dition du 14\/10\/2016]<\/h1>\n<p>&nbsp;<\/p>\n<p>&nbsp;<\/p>\n<h2><strong>ILS SONT SORTIS EN FRANCE\u00a0<\/strong><\/h2>\n<p>&nbsp;<\/p>\n<p><a href=\"http:\/\/www.cinevox.be\/wp-content\/uploads\/2016\/08\/ouragan.jpg\"><img loading=\"lazy\" decoding=\"async\" class=\"aligncenter size-large wp-image-90369\" src=\"http:\/\/www.cinevox.be\/wp-content\/uploads\/2016\/08\/ouragan-451x600.jpg\" alt=\"\" width=\"451\" height=\"600\" srcset=\"https:\/\/w-l-c.be\/wp-content\/uploads\/2016\/08\/ouragan-451x600.jpg 451w, https:\/\/w-l-c.be\/wp-content\/uploads\/2016\/08\/ouragan-203x270.jpg 203w, https:\/\/w-l-c.be\/wp-content\/uploads\/2016\/08\/ouragan.jpg 813w\" sizes=\"auto, (max-width: 451px) 100vw, 451px\" \/><\/a><\/p>\n<p>&nbsp;<\/p>\n<h2><em>Ouragan<\/em><\/h2>\n<p>8 juin 2016<\/p>\n<p>de Cyril Barban\u00e7on, Andy Byatt, Jacqueline Farmer<\/p>\n<p>avec la voix de Romane Bohringer<\/p>\n<p>Le film raconte le voyage de 15 000 km du ph\u00e9nom\u00e8ne climatique le plus d\u00e9vastateur sur notre plan\u00e8te : l\u2019ouragan. Force \u00e0 la fois destructrice et indispensable \u00e0 l\u2019\u00e9quilibre de la vie sur Terre. Son existence est br\u00e8ve mais dramatique : n\u00e9 en Afrique, il grandit au-dessus de l\u2019Atlantique et meurt un mois plus tard en Am\u00e9rique. Les survivants se confient. Leurs vies sont d\u00e9vast\u00e9es, jeunes et anciens livrent leurs peurs, et pourtant acceptent leurs pertes. Avec un regard qui passe du divin au terrestre, l\u2019ouragan brise les \u00e9quilibres, mais il ram\u00e8ne la lumi\u00e8re.<\/p>\n<p>Coproduit en Belgique par Climax (\u00e7a ne s\u2019invente pas)<\/p>\n<p>&nbsp;<\/p>\n<h2>\u00a0<a href=\"http:\/\/www.cinevox.be\/wp-content\/uploads\/2016\/06\/vicky.jpg\"><img loading=\"lazy\" decoding=\"async\" class=\"aligncenter size-large wp-image-88238\" src=\"http:\/\/www.cinevox.be\/wp-content\/uploads\/2016\/06\/vicky-442x600.jpg\" alt=\"\" width=\"442\" height=\"600\" srcset=\"https:\/\/w-l-c.be\/wp-content\/uploads\/2016\/06\/vicky-442x600.jpg 442w, https:\/\/w-l-c.be\/wp-content\/uploads\/2016\/06\/vicky-199x270.jpg 199w, https:\/\/w-l-c.be\/wp-content\/uploads\/2016\/06\/vicky.jpg 797w\" sizes=\"auto, (max-width: 442px) 100vw, 442px\" \/><\/a><\/h2>\n<p>&nbsp;<\/p>\n<h2><em>Vicky<\/em><\/h2>\n<p>Date de sortie : 8 juin 2016<\/p>\n<p>Un film de\u00a0de\u00a0Denis Imbert<\/p>\n<p>Avec : Victoria Bedos, Chantal Lauby, Fran\u00e7ois Berl\u00e9and<\/p>\n<p>Genre : \u00a0Com\u00e9die<\/p>\n<p>A presque 30 ans, Victoire la petite derni\u00e8re de la c\u00e9l\u00e8bre famille Bonhomme, l&rsquo;\u00e9ternelle enfant sage de la tribu, d\u00e9cide enfin de s&rsquo;\u00e9manciper en d\u00e9couvrant l&rsquo;alcool, le sexe, et&#8230; sa voix.<\/p>\n<p>Coproduction Nexus Factory<\/p>\n<p>&nbsp;<\/p>\n<p><a href=\"http:\/\/www.cinevox.be\/wp-content\/uploads\/2016\/07\/3214051.jpg-r_1920_1080-f_jpg-q_x-xxyxx1.jpg\"><img loading=\"lazy\" decoding=\"async\" class=\"aligncenter  wp-image-88992\" src=\"http:\/\/www.cinevox.be\/wp-content\/uploads\/2016\/07\/3214051.jpg-r_1920_1080-f_jpg-q_x-xxyxx1.jpg\" alt=\"\" width=\"488\" height=\"660\" srcset=\"https:\/\/w-l-c.be\/wp-content\/uploads\/2016\/07\/3214051.jpg-r_1920_1080-f_jpg-q_x-xxyxx1.jpg 798w, https:\/\/w-l-c.be\/wp-content\/uploads\/2016\/07\/3214051.jpg-r_1920_1080-f_jpg-q_x-xxyxx1-199x270.jpg 199w, https:\/\/w-l-c.be\/wp-content\/uploads\/2016\/07\/3214051.jpg-r_1920_1080-f_jpg-q_x-xxyxx1-443x600.jpg 443w\" sizes=\"auto, (max-width: 488px) 100vw, 488px\" \/><\/a><\/p>\n<p>&nbsp;<\/p>\n<h2><em>Sur quel pied danser<\/em><\/h2>\n<p>Sorti en France le 6 juillet 2016<\/p>\n<p>un film de \u00a0Paul Calori, Kostia Testut<\/p>\n<p class=\"meta-body-item\"><span class=\"light\">Avec<\/span> <strong>Pauline Etienne<\/strong>, Olivier Chantreau, Fran\u00e7ois Morel<\/p>\n<p>Alors que Julie pense d\u00e9crocher un CDI dans une fabrique d&rsquo;escarpins de luxe, un plan social vient chambouler ses r\u00eaves de stabilit\u00e9 :\u00a0entre lutter aux c\u00f4t\u00e9s d&rsquo;ouvri\u00e8res frondeuses ou bien faire profil bas, la jeune femme ne sait sur quel pied danser.\u00a0Mais quand Samy, un camionneur aussi roublard que charmeur, vient pr\u00eater main forte au combat, ce n&rsquo;est d\u00e9j\u00e0 plus la m\u00eame chanson\u2026<\/p>\n<p>&nbsp;<\/p>\n<p>&nbsp;<\/p>\n<p>&nbsp;<\/p>\n<h2><strong>ILS VONT SORTIR\u00a0EN FRANCE<\/strong><\/h2>\n<p>&nbsp;<\/p>\n<p>&nbsp;<\/p>\n<p><a href=\"http:\/\/www.cinevox.be\/wp-content\/uploads\/2016\/08\/maman-a-tort.jpg\"><img loading=\"lazy\" decoding=\"async\" class=\"aligncenter size-large wp-image-90372\" src=\"http:\/\/www.cinevox.be\/wp-content\/uploads\/2016\/08\/maman-a-tort-800x533.jpg\" alt=\"\" width=\"640\" height=\"426\" srcset=\"https:\/\/w-l-c.be\/wp-content\/uploads\/2016\/08\/maman-a-tort-800x533.jpg 800w, https:\/\/w-l-c.be\/wp-content\/uploads\/2016\/08\/maman-a-tort-405x270.jpg 405w, https:\/\/w-l-c.be\/wp-content\/uploads\/2016\/08\/maman-a-tort.jpg 942w\" sizes=\"auto, (max-width: 640px) 100vw, 640px\" \/><\/a><\/p>\n<p>&nbsp;<\/p>\n<h2>Maman a tort<\/h2>\n<p class=\"meta-body-item\"><span class=\"light\">Date de sortie<\/span>\u00a0:\u00a09 novembre 2016<\/p>\n<p class=\"meta-body-item\"><span class=\"light\">De<\/span> Marc Fitoussi<\/p>\n<p class=\"meta-body-item\"><span class=\"light\">Avec<\/span> Jeanne Jestin, Emilie Dequenne, Nelly Antignac<\/p>\n<div class=\"meta-body-item\"><\/div>\n<p>Conna\u00eet-on vraiment ses parents? Anouk, 14 ans, d\u00e9couvre brutalement un autre visage de sa m\u00e8re, \u00e0 la faveur de l\u2019incontournable stage d\u2019observation de troisi\u00e8me qu\u2019elle effectue dans la compagnie d\u2019assurances o\u00f9 celle-ci travaille.\u00a0Une semaine d\u2019immersion dans le monde adulte de l\u2019entreprise, avec ses petits arrangements et ses grandes l\u00e2chet\u00e9s, qui bient\u00f4t scelle son jeune destin.<br \/>\nEntre parcours initiatique, f\u00ealure et premi\u00e8res responsabilit\u00e9s assum\u00e9es, une forme d\u2019adieu \u00e0 l\u2019enfance.<\/p>\n<p>Coproduit en Belgique par Versus<\/p>\n<p>&nbsp;<\/p>\n<p><a href=\"http:\/\/www.cinevox.be\/wp-content\/uploads\/2016\/08\/une-vie.jpg\"><img loading=\"lazy\" decoding=\"async\" class=\"aligncenter size-large wp-image-90377\" src=\"http:\/\/www.cinevox.be\/wp-content\/uploads\/2016\/08\/une-vie-750x600.jpg\" alt=\"\" width=\"640\" height=\"512\" srcset=\"https:\/\/w-l-c.be\/wp-content\/uploads\/2016\/08\/une-vie-750x600.jpg 750w, https:\/\/w-l-c.be\/wp-content\/uploads\/2016\/08\/une-vie-337x270.jpg 337w, https:\/\/w-l-c.be\/wp-content\/uploads\/2016\/08\/une-vie.jpg 1351w\" sizes=\"auto, (max-width: 640px) 100vw, 640px\" \/><\/a><\/p>\n<p>&nbsp;<\/p>\n<div class=\"meta \">\n<h2 class=\"meta-title\">Une vie<\/h2>\n<p class=\"meta-body-item meta-body-info\">Date de sortie : 23 novembre 2016<\/p>\n<p class=\"meta-body-item meta-body-direction light\">De St\u00e9phane Briz\u00e9<\/p>\n<p class=\"meta-body-item meta-body-actor light\">Avec Judith Chemla, <strong>Yolande Moreau,<\/strong> Jean-Pierre Darroussin<\/p>\n<\/div>\n<div class=\"meta-more\">\n<p class=\"synopsis\">Normandie, 1819. A peine sortie du couvent o\u00f9 elle a fait ses \u00e9tudes, Jeanne Le Perthuis des Vauds, jeune femme trop prot\u00e9g\u00e9e et encore pleine des r\u00eaves de l\u2019enfance, se marie avec Julien de Lamare. Tr\u00e8s vite, il se r\u00e9v\u00e8le pingre, brutal et volage. Les illusions de Jeanne commencent alors peu \u00e0 peu \u00e0 s\u2019envoler.<\/p>\n<\/div>\n<p>Coproduit en Belgique par Versus<\/p>\n<p>&nbsp;<\/p>\n<p>&nbsp;<\/p>\n<p><a href=\"http:\/\/www.cinevox.be\/wp-content\/uploads\/2016\/03\/iris.jpg\"><img loading=\"lazy\" decoding=\"async\" class=\"aligncenter size-large wp-image-85222\" src=\"http:\/\/www.cinevox.be\/wp-content\/uploads\/2016\/03\/iris-800x425.jpg\" alt=\"\" width=\"640\" height=\"340\" srcset=\"https:\/\/w-l-c.be\/wp-content\/uploads\/2016\/03\/iris-800x425.jpg 800w, https:\/\/w-l-c.be\/wp-content\/uploads\/2016\/03\/iris-480x255.jpg 480w, https:\/\/w-l-c.be\/wp-content\/uploads\/2016\/03\/iris.jpg 901w\" sizes=\"auto, (max-width: 640px) 100vw, 640px\" \/><\/a><\/p>\n<p>&nbsp;<\/p>\n<h2>Iris<\/h2>\n<p>Date de sortie : 30 novembre 2016<\/p>\n<p>Un film de\u00a0de\u00a0Jalil Lespert<\/p>\n<p>Avec Romain Duris, Charlotte Le Bon, Jalil Lespert, <strong>Sophie Verbeeck<\/strong><\/p>\n<p>Genres Thriller , Policier<\/p>\n<p>Iris, la femme d\u2019Antoine Doriot, un riche banquier, dispara\u00eet en plein Paris. Max, un jeune m\u00e9canicien endett\u00e9, pourrait bien \u00eatre li\u00e9 \u00e0 son enl\u00e8vement. Mais les enqu\u00eateurs sont encore loin d\u2019imaginer la v\u00e9rit\u00e9 sur l\u2019affaire qui se d\u00e9roule sous leurs yeux.<\/p>\n<p>&nbsp;<\/p>\n<p><a href=\"http:\/\/www.cinevox.be\/wp-content\/uploads\/2016\/03\/papa-ou-maman.jpg\"><img loading=\"lazy\" decoding=\"async\" class=\"aligncenter size-full wp-image-85223\" src=\"http:\/\/www.cinevox.be\/wp-content\/uploads\/2016\/03\/papa-ou-maman.jpg\" alt=\"\" width=\"640\" height=\"256\" srcset=\"https:\/\/w-l-c.be\/wp-content\/uploads\/2016\/03\/papa-ou-maman.jpg 640w, https:\/\/w-l-c.be\/wp-content\/uploads\/2016\/03\/papa-ou-maman-480x192.jpg 480w\" sizes=\"auto, (max-width: 640px) 100vw, 640px\" \/><\/a><\/p>\n<p>&nbsp;<\/p>\n<h2><em>Papa ou maman 2<\/em><\/h2>\n<p>Date de sortie : 7 d\u00e9cembre 2016<\/p>\n<p>Un film de\u00a0Martin Bourboulon<\/p>\n<p>Avec \u00a0Laurent Lafitte, Marina Fo\u00efs, Alexandre Desrousseauxplus<\/p>\n<p>Genre : Com\u00e9die<\/p>\n<p>Deux ans ont pass\u00e9. Apr\u00e8s avoir rat\u00e9 leur s\u00e9paration, les Leroy semblent parfaitement r\u00e9ussir leur divorce. Mais l&rsquo;apparition de deux nouveaux amoureux dans la vie de Vincent et de Florence va mettre le feu aux poudres. Victimes de cette nouvelle guerre entre deux papas et deux mamans, les enfants Leroy vont \u00eatre oblig\u00e9s d&rsquo;intervenir pour mettre fin \u00e0 ce cercle infernal.<\/p>\n<p><span style=\"text-decoration: underline;\">Une coproduction\u00a0 Nexus factory<\/span><\/p>\n<p>&nbsp;<\/p>\n<p><a href=\"http:\/\/www.cinevox.be\/wp-content\/uploads\/2016\/08\/le-coeur-en-braille.jpg\"><img loading=\"lazy\" decoding=\"async\" class=\"aligncenter size-full wp-image-90378\" src=\"http:\/\/www.cinevox.be\/wp-content\/uploads\/2016\/08\/le-coeur-en-braille.jpg\" alt=\"\" width=\"800\" height=\"533\" srcset=\"https:\/\/w-l-c.be\/wp-content\/uploads\/2016\/08\/le-coeur-en-braille.jpg 800w, https:\/\/w-l-c.be\/wp-content\/uploads\/2016\/08\/le-coeur-en-braille-405x270.jpg 405w\" sizes=\"auto, (max-width: 800px) 100vw, 800px\" \/><\/a><\/p>\n<p>&nbsp;<\/p>\n<div class=\"meta \">\n<h2 class=\"meta-title\">Le Coeur en braille<\/h2>\n<div class=\"meta-body\">\n<p class=\"meta-body-item meta-body-info\">Date de sortie : 28 d\u00e9cembre 2016<\/p>\n<p class=\"meta-body-item meta-body-direction light\">De Michel Boujenah<\/p>\n<p class=\"meta-body-item meta-body-actor light\">Avec Charles Berling, Florence Gu\u00e9rin, Pascal Elb\u00e9<\/p>\n<\/div>\n<\/div>\n<div class=\"synopsis\">Marie est une adolescente passionn\u00e9e de violoncelle et tr\u00e8s dou\u00e9e \u00e0 l&rsquo;\u00e9cole. Victor est un gar\u00e7on sympathique, dynamique, mais qui conna\u00eet quelques difficult\u00e9s scolaires. Ignorant que Marie est entrain de perdre la vue, Victor tombe amoureux d&rsquo;elle. Et petit \u00e0 petit, \u00e0 sa grande surprise, Marie se met \u00e0 l&rsquo;aider&#8230;<\/div>\n<div class=\"synopsis\"><\/div>\n<div class=\"synopsis\">Tourn\u00e9 en Belgique, une coprodution Nexus factory<\/div>\n<p>&nbsp;<\/p>\n<p>&nbsp;<\/p>\n<p><a href=\"http:\/\/www.cinevox.be\/wp-content\/uploads\/2017\/05\/renier.jpg\"><img loading=\"lazy\" decoding=\"async\" class=\"aligncenter wp-image-87855 \" src=\"http:\/\/www.cinevox.be\/wp-content\/uploads\/2017\/05\/renier.jpg\" alt=\"\" width=\"621\" height=\"436\" srcset=\"https:\/\/w-l-c.be\/wp-content\/uploads\/2017\/05\/renier.jpg 570w, https:\/\/w-l-c.be\/wp-content\/uploads\/2017\/05\/renier-384x270.jpg 384w\" sizes=\"auto, (max-width: 621px) 100vw, 621px\" \/><\/a><\/p>\n<h2><\/h2>\n<h2>L&rsquo;Ami, Fran\u00e7ois d&rsquo;Assise et ses fr\u00e8res<\/h2>\n<p>Date de sortie\u00a0: 28 d\u00e9cembre\u00a02016<\/p>\n<p>De\u00a0Renaud Fely, Arnaud Louvet<\/p>\n<p>Avec\u00a0: <strong>J\u00e9r\u00e9mie Renier,<\/strong> Elio Germano, <strong>Yannick Renier<\/strong><\/p>\n<p>Genre\u00a0\u00a0 Historique<\/p>\n<p>\u00c0 l\u2019aube du XIIIe si\u00e8cle en Italie, la vie simple et fraternelle de Fran\u00e7ois d\u2019Assise aupr\u00e8s des plus d\u00e9munis fascine et d\u00e9range la puissante \u00c9glise. Entour\u00e9 de ses fr\u00e8res, port\u00e9 par une foi intense, il lutte pour faire reconna\u00eetre sa vision d\u2019un monde de paix et d\u2019\u00e9galit\u00e9.<\/p>\n<p>Une coproduction Entre chien et loup<\/p>\n<p>&nbsp;<\/p>\n<p><a href=\"http:\/\/www.cinevox.be\/wp-content\/uploads\/2016\/03\/plaque-argentique.jpg\"><img loading=\"lazy\" decoding=\"async\" class=\"aligncenter size-large wp-image-85214\" src=\"http:\/\/www.cinevox.be\/wp-content\/uploads\/2016\/03\/plaque-argentique-800x449.jpg\" alt=\"\" width=\"640\" height=\"359\" srcset=\"https:\/\/w-l-c.be\/wp-content\/uploads\/2016\/03\/plaque-argentique-800x449.jpg 800w, https:\/\/w-l-c.be\/wp-content\/uploads\/2016\/03\/plaque-argentique-200x113.jpg 200w, https:\/\/w-l-c.be\/wp-content\/uploads\/2016\/03\/plaque-argentique-480x270.jpg 480w, https:\/\/w-l-c.be\/wp-content\/uploads\/2016\/03\/plaque-argentique-300x169.jpg 300w, https:\/\/w-l-c.be\/wp-content\/uploads\/2016\/03\/plaque-argentique.jpg 820w\" sizes=\"auto, (max-width: 640px) 100vw, 640px\" \/><\/a><\/p>\n<p>&nbsp;<\/p>\n<h2><em>Le secret de la chambre noire<\/em>.<\/h2>\n<p>Date de sortie :\u00a022 f\u00e9vrier 2017<\/p>\n<p>Un film de\u00a0de\u00a0Kiyoshi Kurosawa<\/p>\n<p>Avec : Constance Rousseau, Tahar Rahim, Olivier Gourmet&#8230;<\/p>\n<p>Genre\u00a0 Drame<\/p>\n<p>St\u00e9phane, ancien photographe de mode, vit seul avec sa fille qu&rsquo;il retient aupr\u00e8s de lui dans leur propri\u00e9t\u00e9 de banlieue. Chaque jour, elle devient son mod\u00e8le pour de longues s\u00e9ances de pause devant l&rsquo;objectif, chaque fois plus \u00e9prouvantes.<\/p>\n<p>Tourn\u00e9 sous le titre\u00a0<em>La femme de la plaque argentique, <\/em>le film a \u00e9t\u00e9 repouss\u00e9 de quelques mois. festival de Berlin en vue?<\/p>\n<p>Coproduction Frakas<\/p>\n<p>&nbsp;<\/p>\n<p>&nbsp;<\/p>\n<p><a href=\"http:\/\/www.cinevox.be\/wp-content\/uploads\/2017\/05\/n_768_77651_img_1_t.jpg\"><img loading=\"lazy\" decoding=\"async\" class=\"aligncenter  wp-image-87860\" src=\"http:\/\/www.cinevox.be\/wp-content\/uploads\/2017\/05\/n_768_77651_img_1_t.jpg\" alt=\"\" width=\"620\" height=\"412\" srcset=\"https:\/\/w-l-c.be\/wp-content\/uploads\/2017\/05\/n_768_77651_img_1_t.jpg 408w, https:\/\/w-l-c.be\/wp-content\/uploads\/2017\/05\/n_768_77651_img_1_t-406x270.jpg 406w\" sizes=\"auto, (max-width: 620px) 100vw, 620px\" \/><\/a><\/p>\n<p>&nbsp;<\/p>\n<h2><em>Boule &amp; Bill 2<\/em><\/h2>\n<p>Date de sortie\u00a0\u00a0 : 19 avril 2017<\/p>\n<p>R\u00e9alisateur\u00a0:Pascal Bourdiaux<\/p>\n<p>Avec\u00a0:Franck Dubosc, Mathilde Seigner, Manu Payet et<strong>\u00a0Charles Langendries<\/strong> (dans le r\u00f4le de Boule)<\/p>\n<p>Genre\u00a0\u00a0 Com\u00e9die<\/p>\n<p>La suite des aventures de Boule &amp; Bill au cin\u00e9ma&#8230;<\/p>\n<p><span style=\"text-decoration: underline;\">Une coproduction Nexus factory<\/span><\/p>\n<p>&nbsp;<\/p>\n<p>Difficile d\u2019\u00eatre exhaustifs dans un tel exercice de haute voltige que personne n\u2019a tent\u00e9 jusqu&rsquo;ici. Si vous pointez des films qui nous ont \u00e9chapp\u00e9, merci de nous envoyer un petit mail \u00e0 redaction@cinevox.be.<\/p>\n","protected":false},"excerpt":{"rendered":"<p>\u00a0A c\u00f4t\u00e9 des \u00a0agendas qui reprennent tous les films belges d\u00e9j\u00e0 dat\u00e9s ou pas (nouvelle \u00e9dition la semaine prochaine) et les films coproduits en Belgique ou\/et mettant en vedette un ou plusieurs talents belges, voici un quatri\u00e8me\u00a0rendez-vous r\u00e9gulier. Il s&rsquo;agit de pointer ici tous les films\u00a0coproduits en Belgique ou\/et mettant en vedette un ou plusieurs &hellip;<\/p>\n","protected":false},"author":7,"featured_media":91033,"comment_status":"closed","ping_status":"closed","sticky":false,"template":"","format":"standard","meta":{"ngg_post_thumbnail":0,"footnotes":""},"categories":[53,7],"tags":[],"class_list":["post-90368","post","type-post","status-publish","format-standard","has-post-thumbnail","","category-coming-soon","category-actualites"],"yoast_head":"<!-- This site is optimized with the Yoast SEO plugin v20.4 - https:\/\/yoast.com\/wordpress\/plugins\/seo\/ -->\n<title>L\u2019agenda des sorties : coproductions et acteurs belges [14 octobre 2016] - Ils sont sortis ou vont sortir en France, on les attend - w-l-c<\/title>\n<meta name=\"robots\" content=\"noindex, follow, max-snippet:-1, max-image-preview:large, max-video-preview:-1\" \/>\n<meta property=\"og:locale\" content=\"fr_FR\" \/>\n<meta property=\"og:type\" content=\"article\" \/>\n<meta property=\"og:title\" content=\"L\u2019agenda des sorties : coproductions et acteurs belges [14 octobre 2016] - Ils sont sortis ou vont sortir en France, on les attend - w-l-c\" \/>\n<meta property=\"og:description\" content=\"\u00a0A c\u00f4t\u00e9 des \u00a0agendas qui reprennent tous les films belges d\u00e9j\u00e0 dat\u00e9s ou pas (nouvelle \u00e9dition la semaine prochaine) et les films coproduits en Belgique ou\/et mettant en vedette un ou plusieurs talents belges, voici un quatri\u00e8me\u00a0rendez-vous r\u00e9gulier. Il s&rsquo;agit de pointer ici tous les films\u00a0coproduits en Belgique ou\/et mettant en vedette un ou plusieurs &hellip;\" \/>\n<meta property=\"og:url\" content=\"https:\/\/w-l-c.be\/fr\/lagenda-des-sorties-coproductions-et-acteurs-belges-xx-septembre-2016-ils-sont-sortis-ou-vont-sortir-en-france-on-les-attend\/\" \/>\n<meta property=\"og:site_name\" content=\"w-l-c\" \/>\n<meta property=\"article:published_time\" content=\"2016-10-14T06:30:49+00:00\" \/>\n<meta property=\"article:modified_time\" content=\"2016-10-13T06:49:29+00:00\" \/>\n<meta property=\"og:image\" content=\"https:\/\/w-l-c.be\/wp-content\/uploads\/2010\/09\/12309757_495999920571051_6378241746063848279_o.jpg\" \/>\n\t<meta property=\"og:image:width\" content=\"2048\" \/>\n\t<meta property=\"og:image:height\" content=\"1365\" \/>\n\t<meta property=\"og:image:type\" content=\"image\/jpeg\" \/>\n<meta name=\"author\" content=\"Philippe.Pierquin\" \/>\n<meta name=\"twitter:card\" content=\"summary_large_image\" \/>\n<meta name=\"twitter:label1\" content=\"\u00c9crit par\" \/>\n\t<meta name=\"twitter:data1\" content=\"Philippe.Pierquin\" \/>\n\t<meta name=\"twitter:label2\" content=\"Dur\u00e9e de lecture estim\u00e9e\" \/>\n\t<meta name=\"twitter:data2\" content=\"6 minutes\" \/>\n<script type=\"application\/ld+json\" class=\"yoast-schema-graph\">{\"@context\":\"https:\/\/schema.org\",\"@graph\":[{\"@type\":\"WebPage\",\"@id\":\"https:\/\/w-l-c.be\/fr\/lagenda-des-sorties-coproductions-et-acteurs-belges-xx-septembre-2016-ils-sont-sortis-ou-vont-sortir-en-france-on-les-attend\/\",\"url\":\"https:\/\/w-l-c.be\/fr\/lagenda-des-sorties-coproductions-et-acteurs-belges-xx-septembre-2016-ils-sont-sortis-ou-vont-sortir-en-france-on-les-attend\/\",\"name\":\"L\u2019agenda des sorties : coproductions et acteurs belges [14 octobre 2016] - Ils sont sortis ou vont sortir en France, on les attend - w-l-c\",\"isPartOf\":{\"@id\":\"https:\/\/w-l-c.be\/fr\/#website\"},\"datePublished\":\"2016-10-14T06:30:49+00:00\",\"dateModified\":\"2016-10-13T06:49:29+00:00\",\"author\":{\"@id\":\"https:\/\/w-l-c.be\/fr\/#\/schema\/person\/4b9b1d857f0943453a38a7c2859ef756\"},\"breadcrumb\":{\"@id\":\"https:\/\/w-l-c.be\/fr\/lagenda-des-sorties-coproductions-et-acteurs-belges-xx-septembre-2016-ils-sont-sortis-ou-vont-sortir-en-france-on-les-attend\/#breadcrumb\"},\"inLanguage\":\"fr-FR\",\"potentialAction\":[{\"@type\":\"ReadAction\",\"target\":[\"https:\/\/w-l-c.be\/fr\/lagenda-des-sorties-coproductions-et-acteurs-belges-xx-septembre-2016-ils-sont-sortis-ou-vont-sortir-en-france-on-les-attend\/\"]}]},{\"@type\":\"BreadcrumbList\",\"@id\":\"https:\/\/w-l-c.be\/fr\/lagenda-des-sorties-coproductions-et-acteurs-belges-xx-septembre-2016-ils-sont-sortis-ou-vont-sortir-en-france-on-les-attend\/#breadcrumb\",\"itemListElement\":[{\"@type\":\"ListItem\",\"position\":1,\"name\":\"Accueil\",\"item\":\"https:\/\/w-l-c.be\/fr\/\"},{\"@type\":\"ListItem\",\"position\":2,\"name\":\"L\u2019agenda des sorties : coproductions et acteurs belges [14 octobre 2016] &#8211; Ils sont sortis ou vont sortir en France, on les attend\"}]},{\"@type\":\"WebSite\",\"@id\":\"https:\/\/w-l-c.be\/fr\/#website\",\"url\":\"https:\/\/w-l-c.be\/fr\/\",\"name\":\"w-l-c\",\"description\":\"Le cin\u00e9ma vu par les belges\",\"potentialAction\":[{\"@type\":\"SearchAction\",\"target\":{\"@type\":\"EntryPoint\",\"urlTemplate\":\"https:\/\/w-l-c.be\/fr\/?s={search_term_string}\"},\"query-input\":\"required name=search_term_string\"}],\"inLanguage\":\"fr-FR\"},{\"@type\":\"Person\",\"@id\":\"https:\/\/w-l-c.be\/fr\/#\/schema\/person\/4b9b1d857f0943453a38a7c2859ef756\",\"name\":\"Philippe.Pierquin\",\"url\":\"https:\/\/w-l-c.be\/fr\/author\/philippe-pierquin\/\"}]}<\/script>\n<!-- \/ Yoast SEO plugin. -->","yoast_head_json":{"title":"L\u2019agenda des sorties : coproductions et acteurs belges [14 octobre 2016] - Ils sont sortis ou vont sortir en France, on les attend - w-l-c","robots":{"index":"noindex","follow":"follow","max-snippet":"max-snippet:-1","max-image-preview":"max-image-preview:large","max-video-preview":"max-video-preview:-1"},"og_locale":"fr_FR","og_type":"article","og_title":"L\u2019agenda des sorties : coproductions et acteurs belges [14 octobre 2016] - Ils sont sortis ou vont sortir en France, on les attend - w-l-c","og_description":"\u00a0A c\u00f4t\u00e9 des \u00a0agendas qui reprennent tous les films belges d\u00e9j\u00e0 dat\u00e9s ou pas (nouvelle \u00e9dition la semaine prochaine) et les films coproduits en Belgique ou\/et mettant en vedette un ou plusieurs talents belges, voici un quatri\u00e8me\u00a0rendez-vous r\u00e9gulier. Il s&rsquo;agit de pointer ici tous les films\u00a0coproduits en Belgique ou\/et mettant en vedette un ou plusieurs &hellip;","og_url":"https:\/\/w-l-c.be\/fr\/lagenda-des-sorties-coproductions-et-acteurs-belges-xx-septembre-2016-ils-sont-sortis-ou-vont-sortir-en-france-on-les-attend\/","og_site_name":"w-l-c","article_published_time":"2016-10-14T06:30:49+00:00","article_modified_time":"2016-10-13T06:49:29+00:00","og_image":[{"width":2048,"height":1365,"url":"https:\/\/w-l-c.be\/wp-content\/uploads\/2010\/09\/12309757_495999920571051_6378241746063848279_o.jpg","type":"image\/jpeg"}],"author":"Philippe.Pierquin","twitter_card":"summary_large_image","twitter_misc":{"\u00c9crit par":"Philippe.Pierquin","Dur\u00e9e de lecture estim\u00e9e":"6 minutes"},"schema":{"@context":"https:\/\/schema.org","@graph":[{"@type":"WebPage","@id":"https:\/\/w-l-c.be\/fr\/lagenda-des-sorties-coproductions-et-acteurs-belges-xx-septembre-2016-ils-sont-sortis-ou-vont-sortir-en-france-on-les-attend\/","url":"https:\/\/w-l-c.be\/fr\/lagenda-des-sorties-coproductions-et-acteurs-belges-xx-septembre-2016-ils-sont-sortis-ou-vont-sortir-en-france-on-les-attend\/","name":"L\u2019agenda des sorties : coproductions et acteurs belges [14 octobre 2016] - Ils sont sortis ou vont sortir en France, on les attend - w-l-c","isPartOf":{"@id":"https:\/\/w-l-c.be\/fr\/#website"},"datePublished":"2016-10-14T06:30:49+00:00","dateModified":"2016-10-13T06:49:29+00:00","author":{"@id":"https:\/\/w-l-c.be\/fr\/#\/schema\/person\/4b9b1d857f0943453a38a7c2859ef756"},"breadcrumb":{"@id":"https:\/\/w-l-c.be\/fr\/lagenda-des-sorties-coproductions-et-acteurs-belges-xx-septembre-2016-ils-sont-sortis-ou-vont-sortir-en-france-on-les-attend\/#breadcrumb"},"inLanguage":"fr-FR","potentialAction":[{"@type":"ReadAction","target":["https:\/\/w-l-c.be\/fr\/lagenda-des-sorties-coproductions-et-acteurs-belges-xx-septembre-2016-ils-sont-sortis-ou-vont-sortir-en-france-on-les-attend\/"]}]},{"@type":"BreadcrumbList","@id":"https:\/\/w-l-c.be\/fr\/lagenda-des-sorties-coproductions-et-acteurs-belges-xx-septembre-2016-ils-sont-sortis-ou-vont-sortir-en-france-on-les-attend\/#breadcrumb","itemListElement":[{"@type":"ListItem","position":1,"name":"Accueil","item":"https:\/\/w-l-c.be\/fr\/"},{"@type":"ListItem","position":2,"name":"L\u2019agenda des sorties : coproductions et acteurs belges [14 octobre 2016] &#8211; Ils sont sortis ou vont sortir en France, on les attend"}]},{"@type":"WebSite","@id":"https:\/\/w-l-c.be\/fr\/#website","url":"https:\/\/w-l-c.be\/fr\/","name":"w-l-c","description":"Le cin\u00e9ma vu par les belges","potentialAction":[{"@type":"SearchAction","target":{"@type":"EntryPoint","urlTemplate":"https:\/\/w-l-c.be\/fr\/?s={search_term_string}"},"query-input":"required name=search_term_string"}],"inLanguage":"fr-FR"},{"@type":"Person","@id":"https:\/\/w-l-c.be\/fr\/#\/schema\/person\/4b9b1d857f0943453a38a7c2859ef756","name":"Philippe.Pierquin","url":"https:\/\/w-l-c.be\/fr\/author\/philippe-pierquin\/"}]}},"_links":{"self":[{"href":"https:\/\/w-l-c.be\/fr\/wp-json\/wp\/v2\/posts\/90368","targetHints":{"allow":["GET"]}}],"collection":[{"href":"https:\/\/w-l-c.be\/fr\/wp-json\/wp\/v2\/posts"}],"about":[{"href":"https:\/\/w-l-c.be\/fr\/wp-json\/wp\/v2\/types\/post"}],"author":[{"embeddable":true,"href":"https:\/\/w-l-c.be\/fr\/wp-json\/wp\/v2\/users\/7"}],"replies":[{"embeddable":true,"href":"https:\/\/w-l-c.be\/fr\/wp-json\/wp\/v2\/comments?post=90368"}],"version-history":[{"count":0,"href":"https:\/\/w-l-c.be\/fr\/wp-json\/wp\/v2\/posts\/90368\/revisions"}],"wp:featuredmedia":[{"embeddable":true,"href":"https:\/\/w-l-c.be\/fr\/wp-json\/wp\/v2\/media\/91033"}],"wp:attachment":[{"href":"https:\/\/w-l-c.be\/fr\/wp-json\/wp\/v2\/media?parent=90368"}],"wp:term":[{"taxonomy":"category","embeddable":true,"href":"https:\/\/w-l-c.be\/fr\/wp-json\/wp\/v2\/categories?post=90368"},{"taxonomy":"post_tag","embeddable":true,"href":"https:\/\/w-l-c.be\/fr\/wp-json\/wp\/v2\/tags?post=90368"}],"curies":[{"name":"wp","href":"https:\/\/api.w.org\/{rel}","templated":true}]}}