
{"id":90588,"date":"2016-09-08T15:49:44","date_gmt":"2016-09-08T13:49:44","guid":{"rendered":"http:\/\/www.cinevox.be\/?p=90588"},"modified":"2017-05-16T19:48:41","modified_gmt":"2017-05-16T17:48:41","slug":"londres-pieds-nus","status":"publish","type":"post","link":"https:\/\/w-l-c.be\/fr\/londres-pieds-nus\/","title":{"rendered":"Londres, pieds nus"},"content":{"rendered":"<p>Pas moins de trois longs m\u00e9trages et trois courts m\u00e9trages seront pr\u00e9sent\u00e9s au BFI London Film Festival en octobre prochain.<!--more--><\/p>\n<p>Pr\u00e9sent\u00e9 en premi\u00e8re europ\u00e9enne,<strong> <i>Paris pieds nus<\/i>,<\/strong> le nouveau film de Dominique Abel et Fiona Gordon sera pr\u00e9sent\u00e9, tr\u00e8s logiquement, dans la section \u00ab\u00a0Laugh\u00a0\u00bb. Le film a d\u00e9but\u00e9 sa carri\u00e8re en festivals la semaine derni\u00e8re \u00e0 Telluride (Colorado) sous <a title=\"Opens external link in new window\" href=\"https:\/\/twitter.com\/WBImagesBE\/status\/773489469546721280\" target=\"_blank\">les acclamations de la presse<\/a> et du public.<\/p>\n<p>Poursuivant leur tourn\u00e9e des festivals, <i>L\u2019\u00e9conomie du couple<\/i> de Joachim Lafosse sera pr\u00e9sent\u00e9 dans la section \u00ab\u00a0Love\u00a0\u00bb et <i>La fille inconnue <\/i>des fr\u00e8res Dardenne dans la section \u00ab\u00a0Debate\u00a0\u00bb.<\/p>\n<p>Cot\u00e9 courts, trois habitu\u00e9s des festivals internationaux, <i>Nelson<\/i> de Juliette Klinke, Thomas Xhignesse, <i>La soupe au caillou<\/i> de Clementine Robach et <i>Le Renard Minuscule<\/i> de Aline Quertain, Sylwia Szkiladz.<\/p>\n<p>Notons \u00e9galement la pr\u00e9sence de deux coproductions minoritaires: <b><i>Grave<\/i><\/b> de Julia Ducournau et <b><i>Souvenir<\/i><\/b> Bavo Defurne, tous deux coproduits par Frakas Productions.<\/p>\n<p>Le 60\u00e8me BFI London Film Festival aura lieu du 5 au 16 octobre \u00e0 Southbank, London.<\/p>\n<p>Voyez http:\/\/www.bfi.org.uk\/lff\u00a0le site internet de l&rsquo;\u00e9v\u00e9nement<\/p>\n","protected":false},"excerpt":{"rendered":"<p>Pas moins de trois longs m\u00e9trages et trois courts m\u00e9trages seront pr\u00e9sent\u00e9s au BFI London Film Festival en octobre prochain.<\/p>\n","protected":false},"author":7,"featured_media":90590,"comment_status":"closed","ping_status":"closed","sticky":false,"template":"","format":"standard","meta":{"ngg_post_thumbnail":0,"footnotes":""},"categories":[12],"tags":[],"class_list":["post-90588","post","type-post","status-publish","format-standard","has-post-thumbnail","","category-awards"],"yoast_head":"<!-- This site is optimized with the Yoast SEO plugin v20.4 - https:\/\/yoast.com\/wordpress\/plugins\/seo\/ -->\n<title>Londres, pieds nus - w-l-c<\/title>\n<meta name=\"robots\" content=\"noindex, follow, max-snippet:-1, max-image-preview:large, max-video-preview:-1\" \/>\n<meta property=\"og:locale\" content=\"fr_FR\" \/>\n<meta property=\"og:type\" content=\"article\" \/>\n<meta property=\"og:title\" content=\"Londres, pieds nus - w-l-c\" \/>\n<meta property=\"og:description\" content=\"Pas moins de trois longs m\u00e9trages et trois courts m\u00e9trages seront pr\u00e9sent\u00e9s au BFI London Film Festival en octobre prochain.\" \/>\n<meta property=\"og:url\" content=\"https:\/\/w-l-c.be\/fr\/londres-pieds-nus\/\" \/>\n<meta property=\"og:site_name\" content=\"w-l-c\" \/>\n<meta property=\"article:published_time\" content=\"2016-09-08T13:49:44+00:00\" \/>\n<meta property=\"article:modified_time\" content=\"2017-05-16T17:48:41+00:00\" \/>\n<meta property=\"og:image\" content=\"https:\/\/w-l-c.be\/wp-content\/uploads\/2016\/09\/14196197_10154464833892192_1816778621721602747_o.jpg\" \/>\n\t<meta property=\"og:image:width\" content=\"1911\" \/>\n\t<meta property=\"og:image:height\" content=\"1009\" \/>\n\t<meta property=\"og:image:type\" content=\"image\/jpeg\" \/>\n<meta name=\"author\" content=\"Philippe.Pierquin\" \/>\n<meta name=\"twitter:card\" content=\"summary_large_image\" \/>\n<meta name=\"twitter:label1\" content=\"\u00c9crit par\" \/>\n\t<meta name=\"twitter:data1\" content=\"Philippe.Pierquin\" \/>\n\t<meta name=\"twitter:label2\" content=\"Dur\u00e9e de lecture estim\u00e9e\" \/>\n\t<meta name=\"twitter:data2\" content=\"1 minute\" \/>\n<script type=\"application\/ld+json\" class=\"yoast-schema-graph\">{\"@context\":\"https:\/\/schema.org\",\"@graph\":[{\"@type\":\"WebPage\",\"@id\":\"https:\/\/w-l-c.be\/fr\/londres-pieds-nus\/\",\"url\":\"https:\/\/w-l-c.be\/fr\/londres-pieds-nus\/\",\"name\":\"Londres, pieds nus - w-l-c\",\"isPartOf\":{\"@id\":\"https:\/\/w-l-c.be\/fr\/#website\"},\"datePublished\":\"2016-09-08T13:49:44+00:00\",\"dateModified\":\"2017-05-16T17:48:41+00:00\",\"author\":{\"@id\":\"https:\/\/w-l-c.be\/fr\/#\/schema\/person\/4b9b1d857f0943453a38a7c2859ef756\"},\"breadcrumb\":{\"@id\":\"https:\/\/w-l-c.be\/fr\/londres-pieds-nus\/#breadcrumb\"},\"inLanguage\":\"fr-FR\",\"potentialAction\":[{\"@type\":\"ReadAction\",\"target\":[\"https:\/\/w-l-c.be\/fr\/londres-pieds-nus\/\"]}]},{\"@type\":\"BreadcrumbList\",\"@id\":\"https:\/\/w-l-c.be\/fr\/londres-pieds-nus\/#breadcrumb\",\"itemListElement\":[{\"@type\":\"ListItem\",\"position\":1,\"name\":\"Accueil\",\"item\":\"https:\/\/w-l-c.be\/fr\/\"},{\"@type\":\"ListItem\",\"position\":2,\"name\":\"Londres, pieds nus\"}]},{\"@type\":\"WebSite\",\"@id\":\"https:\/\/w-l-c.be\/fr\/#website\",\"url\":\"https:\/\/w-l-c.be\/fr\/\",\"name\":\"w-l-c\",\"description\":\"Le cin\u00e9ma vu par les belges\",\"potentialAction\":[{\"@type\":\"SearchAction\",\"target\":{\"@type\":\"EntryPoint\",\"urlTemplate\":\"https:\/\/w-l-c.be\/fr\/?s={search_term_string}\"},\"query-input\":\"required name=search_term_string\"}],\"inLanguage\":\"fr-FR\"},{\"@type\":\"Person\",\"@id\":\"https:\/\/w-l-c.be\/fr\/#\/schema\/person\/4b9b1d857f0943453a38a7c2859ef756\",\"name\":\"Philippe.Pierquin\",\"url\":\"https:\/\/w-l-c.be\/fr\/author\/philippe-pierquin\/\"}]}<\/script>\n<!-- \/ Yoast SEO plugin. -->","yoast_head_json":{"title":"Londres, pieds nus - w-l-c","robots":{"index":"noindex","follow":"follow","max-snippet":"max-snippet:-1","max-image-preview":"max-image-preview:large","max-video-preview":"max-video-preview:-1"},"og_locale":"fr_FR","og_type":"article","og_title":"Londres, pieds nus - w-l-c","og_description":"Pas moins de trois longs m\u00e9trages et trois courts m\u00e9trages seront pr\u00e9sent\u00e9s au BFI London Film Festival en octobre prochain.","og_url":"https:\/\/w-l-c.be\/fr\/londres-pieds-nus\/","og_site_name":"w-l-c","article_published_time":"2016-09-08T13:49:44+00:00","article_modified_time":"2017-05-16T17:48:41+00:00","og_image":[{"width":1911,"height":1009,"url":"https:\/\/w-l-c.be\/wp-content\/uploads\/2016\/09\/14196197_10154464833892192_1816778621721602747_o.jpg","type":"image\/jpeg"}],"author":"Philippe.Pierquin","twitter_card":"summary_large_image","twitter_misc":{"\u00c9crit par":"Philippe.Pierquin","Dur\u00e9e de lecture estim\u00e9e":"1 minute"},"schema":{"@context":"https:\/\/schema.org","@graph":[{"@type":"WebPage","@id":"https:\/\/w-l-c.be\/fr\/londres-pieds-nus\/","url":"https:\/\/w-l-c.be\/fr\/londres-pieds-nus\/","name":"Londres, pieds nus - w-l-c","isPartOf":{"@id":"https:\/\/w-l-c.be\/fr\/#website"},"datePublished":"2016-09-08T13:49:44+00:00","dateModified":"2017-05-16T17:48:41+00:00","author":{"@id":"https:\/\/w-l-c.be\/fr\/#\/schema\/person\/4b9b1d857f0943453a38a7c2859ef756"},"breadcrumb":{"@id":"https:\/\/w-l-c.be\/fr\/londres-pieds-nus\/#breadcrumb"},"inLanguage":"fr-FR","potentialAction":[{"@type":"ReadAction","target":["https:\/\/w-l-c.be\/fr\/londres-pieds-nus\/"]}]},{"@type":"BreadcrumbList","@id":"https:\/\/w-l-c.be\/fr\/londres-pieds-nus\/#breadcrumb","itemListElement":[{"@type":"ListItem","position":1,"name":"Accueil","item":"https:\/\/w-l-c.be\/fr\/"},{"@type":"ListItem","position":2,"name":"Londres, pieds nus"}]},{"@type":"WebSite","@id":"https:\/\/w-l-c.be\/fr\/#website","url":"https:\/\/w-l-c.be\/fr\/","name":"w-l-c","description":"Le cin\u00e9ma vu par les belges","potentialAction":[{"@type":"SearchAction","target":{"@type":"EntryPoint","urlTemplate":"https:\/\/w-l-c.be\/fr\/?s={search_term_string}"},"query-input":"required name=search_term_string"}],"inLanguage":"fr-FR"},{"@type":"Person","@id":"https:\/\/w-l-c.be\/fr\/#\/schema\/person\/4b9b1d857f0943453a38a7c2859ef756","name":"Philippe.Pierquin","url":"https:\/\/w-l-c.be\/fr\/author\/philippe-pierquin\/"}]}},"_links":{"self":[{"href":"https:\/\/w-l-c.be\/fr\/wp-json\/wp\/v2\/posts\/90588","targetHints":{"allow":["GET"]}}],"collection":[{"href":"https:\/\/w-l-c.be\/fr\/wp-json\/wp\/v2\/posts"}],"about":[{"href":"https:\/\/w-l-c.be\/fr\/wp-json\/wp\/v2\/types\/post"}],"author":[{"embeddable":true,"href":"https:\/\/w-l-c.be\/fr\/wp-json\/wp\/v2\/users\/7"}],"replies":[{"embeddable":true,"href":"https:\/\/w-l-c.be\/fr\/wp-json\/wp\/v2\/comments?post=90588"}],"version-history":[{"count":0,"href":"https:\/\/w-l-c.be\/fr\/wp-json\/wp\/v2\/posts\/90588\/revisions"}],"wp:featuredmedia":[{"embeddable":true,"href":"https:\/\/w-l-c.be\/fr\/wp-json\/wp\/v2\/media\/90590"}],"wp:attachment":[{"href":"https:\/\/w-l-c.be\/fr\/wp-json\/wp\/v2\/media?parent=90588"}],"wp:term":[{"taxonomy":"category","embeddable":true,"href":"https:\/\/w-l-c.be\/fr\/wp-json\/wp\/v2\/categories?post=90588"},{"taxonomy":"post_tag","embeddable":true,"href":"https:\/\/w-l-c.be\/fr\/wp-json\/wp\/v2\/tags?post=90588"}],"curies":[{"name":"wp","href":"https:\/\/api.w.org\/{rel}","templated":true}]}}