
{"id":90797,"date":"2016-09-15T11:04:46","date_gmt":"2016-09-15T09:04:46","guid":{"rendered":"http:\/\/www.cinevox.be\/?p=90797"},"modified":"2016-09-15T11:04:46","modified_gmt":"2016-09-15T09:04:46","slug":"passe-devant-bande-annonce","status":"publish","type":"post","link":"https:\/\/w-l-c.be\/fr\/passe-devant-bande-annonce\/","title":{"rendered":"Le Pass\u00e9 devant nous : bande-annonce"},"content":{"rendered":"<p>La premi\u00e8re mondiale du film belge\u00a0<em>Le pass\u00e9 devant nous<\/em>\u00a0\u00a0aura lieu ce samedi 17 septembre dans le cadre du Festival du Film d\u2019Ostende en pr\u00e9sence de la r\u00e9alisatrice gantoise et des acteurs.<\/p>\n<p>&nbsp;<\/p>\n<p><strong><em>Le pass\u00e9 devant nous<\/em><\/strong>\u00a0est l\u2019histoire d\u2019Alice, une escort-girl enferm\u00e9e dans une petite vie routini\u00e8re. Mais lorsque son ex-compagnon d\u00e9c\u00e8de, elle se retrouve oblig\u00e9e de s\u2019occuper de son fils qu\u2019elle a abandonn\u00e9. \u00c0 travers cette rencontre, elle est confront\u00e9e au vide \u00e9motionnel de sa vie et doit admettre qu\u2019elle n\u2019a pas r\u00e9ussi \u00e0 totalement se d\u00e9tacher de ses sentiments. Les r\u00f4les principaux sont interpr\u00e9t\u00e9s par la qu\u00e9b\u00e9coise\u00a0Evelyne Brochu (qui a jou\u00e9 dans les s\u00e9ries de Netflix\u00a0<em>Orphan Black &amp; X Company<\/em>), Eriq Ebouaney \u00a0(<em>Lumumba<\/em>\u00a0&amp;\u00a0<em>Transporter<\/em>\u00a03) et Johan Leysen (<em>The American, het Vonnis<\/em>).\u00a0\u00a0<strong><em>Le pass\u00e9 devant nous<\/em><\/strong>\u00a0est un film sur le combat entre le besoin d\u2019intimit\u00e9 et celui de vivre une vie emplie de certitudes.<\/p>\n<p>&nbsp;<\/p>\n<p>&nbsp;<\/p>\n<p>Derri\u00e8re la cam\u00e9ra, on retrouve \u00e9galement de nombreux talents internationaux tels que Frank Van den Eeden \u00e0 l\u2019image et Molly Malene Stensgaard au montage (qui a notamment travaill\u00e9 sur des films de Lars Von Trier). La musique est sign\u00e9e John Parish qui est connu notamment pour sa collaboration avec de PJ Harvey.<\/p>\n<p>&nbsp;<\/p>\n<p>Le tournage a eu lieu fin\u00a02015 (pendant le lockdown de Bruxelles). Il s\u2019agit d\u2019une coproduction belgo-n\u00e9erlando-danoise. Xavier Rombaut et Bart Van Langendonck ont produit le film pour Savage Film en coproduction avec Eyeworks Belgium, ctm pictures, 41shadows, scio productions\u00a0et en collaboration avec Telenet.<\/p>\n<p>Le film a vu le jour gr\u00e2ce au soutien du Fonds Audiovisuel de Flandre (VAF), Screen Flanders, Het Nederlands Filmfonds, l\u2019Instistut du Cin\u00e9ma danois et le Centre du cin\u00e9ma et de l\u2019audiovisuel de la F\u00e9d\u00e9ration Wallonie-Bruxelles, des partenaires Tax Shelter Partners et d\u2019Eurimages.<\/p>\n<p><em>Le Pass\u00e9 devant nous<\/em>\u00a0sortira le 15 f\u00e9vrier 2017 dans les salles belges.<\/p>\n<p>&nbsp;<\/p>\n<p>&nbsp;<\/p>\n","protected":false},"excerpt":{"rendered":"<p>La premi\u00e8re mondiale du film belge\u00a0Le pass\u00e9 devant nous\u00a0\u00a0aura lieu ce samedi 17 septembre dans le cadre du Festival du Film d\u2019Ostende en pr\u00e9sence de la r\u00e9alisatrice gantoise et des acteurs. &nbsp; Le pass\u00e9 devant nous\u00a0est l\u2019histoire d\u2019Alice, une escort-girl enferm\u00e9e dans une petite vie routini\u00e8re. Mais lorsque son ex-compagnon d\u00e9c\u00e8de, elle se retrouve oblig\u00e9e &hellip;<\/p>\n","protected":false},"author":7,"featured_media":90798,"comment_status":"closed","ping_status":"closed","sticky":false,"template":"","format":"standard","meta":{"ngg_post_thumbnail":0,"footnotes":""},"categories":[53],"tags":[],"class_list":["post-90797","post","type-post","status-publish","format-standard","has-post-thumbnail","","category-coming-soon"],"yoast_head":"<!-- This site is optimized with the Yoast SEO plugin v20.4 - https:\/\/yoast.com\/wordpress\/plugins\/seo\/ -->\n<title>Le Pass\u00e9 devant nous : bande-annonce - w-l-c<\/title>\n<meta name=\"robots\" content=\"noindex, follow, max-snippet:-1, max-image-preview:large, max-video-preview:-1\" \/>\n<meta property=\"og:locale\" content=\"fr_FR\" \/>\n<meta property=\"og:type\" content=\"article\" \/>\n<meta property=\"og:title\" content=\"Le Pass\u00e9 devant nous : bande-annonce - w-l-c\" \/>\n<meta property=\"og:description\" content=\"La premi\u00e8re mondiale du film belge\u00a0Le pass\u00e9 devant nous\u00a0\u00a0aura lieu ce samedi 17 septembre dans le cadre du Festival du Film d\u2019Ostende en pr\u00e9sence de la r\u00e9alisatrice gantoise et des acteurs. &nbsp; Le pass\u00e9 devant nous\u00a0est l\u2019histoire d\u2019Alice, une escort-girl enferm\u00e9e dans une petite vie routini\u00e8re. Mais lorsque son ex-compagnon d\u00e9c\u00e8de, elle se retrouve oblig\u00e9e &hellip;\" \/>\n<meta property=\"og:url\" content=\"https:\/\/w-l-c.be\/fr\/passe-devant-bande-annonce\/\" \/>\n<meta property=\"og:site_name\" content=\"w-l-c\" \/>\n<meta property=\"article:published_time\" content=\"2016-09-15T09:04:46+00:00\" \/>\n<meta property=\"og:image\" content=\"https:\/\/w-l-c.be\/wp-content\/uploads\/2016\/09\/tonic1.jpg\" \/>\n\t<meta property=\"og:image:width\" content=\"800\" \/>\n\t<meta property=\"og:image:height\" content=\"449\" \/>\n\t<meta property=\"og:image:type\" content=\"image\/jpeg\" \/>\n<meta name=\"author\" content=\"Philippe.Pierquin\" \/>\n<meta name=\"twitter:card\" content=\"summary_large_image\" \/>\n<meta name=\"twitter:label1\" content=\"\u00c9crit par\" \/>\n\t<meta name=\"twitter:data1\" content=\"Philippe.Pierquin\" \/>\n\t<meta name=\"twitter:label2\" content=\"Dur\u00e9e de lecture estim\u00e9e\" \/>\n\t<meta name=\"twitter:data2\" content=\"2 minutes\" \/>\n<script type=\"application\/ld+json\" class=\"yoast-schema-graph\">{\"@context\":\"https:\/\/schema.org\",\"@graph\":[{\"@type\":\"WebPage\",\"@id\":\"https:\/\/w-l-c.be\/fr\/passe-devant-bande-annonce\/\",\"url\":\"https:\/\/w-l-c.be\/fr\/passe-devant-bande-annonce\/\",\"name\":\"Le Pass\u00e9 devant nous : bande-annonce - w-l-c\",\"isPartOf\":{\"@id\":\"https:\/\/w-l-c.be\/fr\/#website\"},\"datePublished\":\"2016-09-15T09:04:46+00:00\",\"dateModified\":\"2016-09-15T09:04:46+00:00\",\"author\":{\"@id\":\"https:\/\/w-l-c.be\/fr\/#\/schema\/person\/4b9b1d857f0943453a38a7c2859ef756\"},\"breadcrumb\":{\"@id\":\"https:\/\/w-l-c.be\/fr\/passe-devant-bande-annonce\/#breadcrumb\"},\"inLanguage\":\"fr-FR\",\"potentialAction\":[{\"@type\":\"ReadAction\",\"target\":[\"https:\/\/w-l-c.be\/fr\/passe-devant-bande-annonce\/\"]}]},{\"@type\":\"BreadcrumbList\",\"@id\":\"https:\/\/w-l-c.be\/fr\/passe-devant-bande-annonce\/#breadcrumb\",\"itemListElement\":[{\"@type\":\"ListItem\",\"position\":1,\"name\":\"Accueil\",\"item\":\"https:\/\/w-l-c.be\/fr\/\"},{\"@type\":\"ListItem\",\"position\":2,\"name\":\"Le Pass\u00e9 devant nous : bande-annonce\"}]},{\"@type\":\"WebSite\",\"@id\":\"https:\/\/w-l-c.be\/fr\/#website\",\"url\":\"https:\/\/w-l-c.be\/fr\/\",\"name\":\"w-l-c\",\"description\":\"Le cin\u00e9ma vu par les belges\",\"potentialAction\":[{\"@type\":\"SearchAction\",\"target\":{\"@type\":\"EntryPoint\",\"urlTemplate\":\"https:\/\/w-l-c.be\/fr\/?s={search_term_string}\"},\"query-input\":\"required name=search_term_string\"}],\"inLanguage\":\"fr-FR\"},{\"@type\":\"Person\",\"@id\":\"https:\/\/w-l-c.be\/fr\/#\/schema\/person\/4b9b1d857f0943453a38a7c2859ef756\",\"name\":\"Philippe.Pierquin\",\"url\":\"https:\/\/w-l-c.be\/fr\/author\/philippe-pierquin\/\"}]}<\/script>\n<!-- \/ Yoast SEO plugin. -->","yoast_head_json":{"title":"Le Pass\u00e9 devant nous : bande-annonce - w-l-c","robots":{"index":"noindex","follow":"follow","max-snippet":"max-snippet:-1","max-image-preview":"max-image-preview:large","max-video-preview":"max-video-preview:-1"},"og_locale":"fr_FR","og_type":"article","og_title":"Le Pass\u00e9 devant nous : bande-annonce - w-l-c","og_description":"La premi\u00e8re mondiale du film belge\u00a0Le pass\u00e9 devant nous\u00a0\u00a0aura lieu ce samedi 17 septembre dans le cadre du Festival du Film d\u2019Ostende en pr\u00e9sence de la r\u00e9alisatrice gantoise et des acteurs. &nbsp; Le pass\u00e9 devant nous\u00a0est l\u2019histoire d\u2019Alice, une escort-girl enferm\u00e9e dans une petite vie routini\u00e8re. Mais lorsque son ex-compagnon d\u00e9c\u00e8de, elle se retrouve oblig\u00e9e &hellip;","og_url":"https:\/\/w-l-c.be\/fr\/passe-devant-bande-annonce\/","og_site_name":"w-l-c","article_published_time":"2016-09-15T09:04:46+00:00","og_image":[{"width":800,"height":449,"url":"https:\/\/w-l-c.be\/wp-content\/uploads\/2016\/09\/tonic1.jpg","type":"image\/jpeg"}],"author":"Philippe.Pierquin","twitter_card":"summary_large_image","twitter_misc":{"\u00c9crit par":"Philippe.Pierquin","Dur\u00e9e de lecture estim\u00e9e":"2 minutes"},"schema":{"@context":"https:\/\/schema.org","@graph":[{"@type":"WebPage","@id":"https:\/\/w-l-c.be\/fr\/passe-devant-bande-annonce\/","url":"https:\/\/w-l-c.be\/fr\/passe-devant-bande-annonce\/","name":"Le Pass\u00e9 devant nous : bande-annonce - w-l-c","isPartOf":{"@id":"https:\/\/w-l-c.be\/fr\/#website"},"datePublished":"2016-09-15T09:04:46+00:00","dateModified":"2016-09-15T09:04:46+00:00","author":{"@id":"https:\/\/w-l-c.be\/fr\/#\/schema\/person\/4b9b1d857f0943453a38a7c2859ef756"},"breadcrumb":{"@id":"https:\/\/w-l-c.be\/fr\/passe-devant-bande-annonce\/#breadcrumb"},"inLanguage":"fr-FR","potentialAction":[{"@type":"ReadAction","target":["https:\/\/w-l-c.be\/fr\/passe-devant-bande-annonce\/"]}]},{"@type":"BreadcrumbList","@id":"https:\/\/w-l-c.be\/fr\/passe-devant-bande-annonce\/#breadcrumb","itemListElement":[{"@type":"ListItem","position":1,"name":"Accueil","item":"https:\/\/w-l-c.be\/fr\/"},{"@type":"ListItem","position":2,"name":"Le Pass\u00e9 devant nous : bande-annonce"}]},{"@type":"WebSite","@id":"https:\/\/w-l-c.be\/fr\/#website","url":"https:\/\/w-l-c.be\/fr\/","name":"w-l-c","description":"Le cin\u00e9ma vu par les belges","potentialAction":[{"@type":"SearchAction","target":{"@type":"EntryPoint","urlTemplate":"https:\/\/w-l-c.be\/fr\/?s={search_term_string}"},"query-input":"required name=search_term_string"}],"inLanguage":"fr-FR"},{"@type":"Person","@id":"https:\/\/w-l-c.be\/fr\/#\/schema\/person\/4b9b1d857f0943453a38a7c2859ef756","name":"Philippe.Pierquin","url":"https:\/\/w-l-c.be\/fr\/author\/philippe-pierquin\/"}]}},"_links":{"self":[{"href":"https:\/\/w-l-c.be\/fr\/wp-json\/wp\/v2\/posts\/90797","targetHints":{"allow":["GET"]}}],"collection":[{"href":"https:\/\/w-l-c.be\/fr\/wp-json\/wp\/v2\/posts"}],"about":[{"href":"https:\/\/w-l-c.be\/fr\/wp-json\/wp\/v2\/types\/post"}],"author":[{"embeddable":true,"href":"https:\/\/w-l-c.be\/fr\/wp-json\/wp\/v2\/users\/7"}],"replies":[{"embeddable":true,"href":"https:\/\/w-l-c.be\/fr\/wp-json\/wp\/v2\/comments?post=90797"}],"version-history":[{"count":0,"href":"https:\/\/w-l-c.be\/fr\/wp-json\/wp\/v2\/posts\/90797\/revisions"}],"wp:featuredmedia":[{"embeddable":true,"href":"https:\/\/w-l-c.be\/fr\/wp-json\/wp\/v2\/media\/90798"}],"wp:attachment":[{"href":"https:\/\/w-l-c.be\/fr\/wp-json\/wp\/v2\/media?parent=90797"}],"wp:term":[{"taxonomy":"category","embeddable":true,"href":"https:\/\/w-l-c.be\/fr\/wp-json\/wp\/v2\/categories?post=90797"},{"taxonomy":"post_tag","embeddable":true,"href":"https:\/\/w-l-c.be\/fr\/wp-json\/wp\/v2\/tags?post=90797"}],"curies":[{"name":"wp","href":"https:\/\/api.w.org\/{rel}","templated":true}]}}