
{"id":91220,"date":"2016-10-03T08:25:36","date_gmt":"2016-10-03T06:25:36","guid":{"rendered":"http:\/\/www.cinevox.be\/?p=91220"},"modified":"2017-05-16T19:48:31","modified_gmt":"2017-05-16T17:48:31","slug":"en-amont-du-fleuve-les-colosses-au-coeur-dargile","status":"publish","type":"post","link":"https:\/\/w-l-c.be\/fr\/en-amont-du-fleuve-les-colosses-au-coeur-dargile\/","title":{"rendered":"En amont du fleuve\u00a0: les colosses au c\u0153ur d\u2019argile."},"content":{"rendered":"<p>\u00c0 bord d\u2019un petit rafiot, Homer et Jo\u00e9, la cinquantaine, remontent un fleuve quelque part en Croatie. Jusqu\u2019au d\u00e9c\u00e8s, r\u00e9cent, de leur p\u00e8re, chacun ignorait tout de l\u2019existence de l\u2019autre.<\/p>\n<p>Pourtant, ils sont demi-fr\u00e8res. S&rsquo;ils sont ici, c&rsquo;est pour essayer de comprendre qui \u00e9tait vraiment leur g\u00e9niteur. Joe l&rsquo;a connu, il a m\u00eame v\u00e9cu avec lui. Homer a, lui, \u00e9t\u00e9 \u00e9lev\u00e9 par sa m\u00e8re et ne sait rien de cet homme qu&rsquo;il a tendance \u00e0 id\u00e9aliser.<\/p>\n<p>En route, le duo va rencontrer Sean, un baroudeur irlandais qui a travaill\u00e9 avec leur p\u00e8re. Travaill\u00e9?\u00a0 Mais de quelle activit\u00e9 parle-t-on ici? La v\u00e9rit\u00e9 se trouve-t-elle\u2026 en amont du fleuve?<!--more--><\/p>\n<p>&nbsp;<\/p>\n<p>Pour cette coproduction in\u00e9dite entre la Belgique, les Pays-Bas et la Croatie, Marion H\u00e4nsel a fait le pari de r\u00e9unir trois de ses acteurs pr\u00e9f\u00e9r\u00e9s : Olivier Gourmet, Sergi Lopez et John Lynch (r\u00f4le principal dans <em>The Quarry (La Faille).<\/em> Trois hommes qu\u2019elle a d\u00e9j\u00e0 eu la chance de diriger et qu&rsquo;elle a pris beaucoup de plaisir \u00e0 c\u00f4toyer.<\/p>\n<p>&nbsp;<\/p>\n<p><a href=\"http:\/\/www.cinevox.be\/wp-content\/uploads\/2016\/10\/AMONT-T7.jpg\"><img loading=\"lazy\" decoding=\"async\" class=\"aligncenter size-large wp-image-91221\" src=\"http:\/\/www.cinevox.be\/wp-content\/uploads\/2016\/10\/AMONT-T7-800x534.jpg\" alt=\"\" width=\"640\" height=\"427\" srcset=\"https:\/\/w-l-c.be\/wp-content\/uploads\/2016\/10\/AMONT-T7-800x534.jpg 800w, https:\/\/w-l-c.be\/wp-content\/uploads\/2016\/10\/AMONT-T7-404x270.jpg 404w, https:\/\/w-l-c.be\/wp-content\/uploads\/2016\/10\/AMONT-T7.jpg 1405w\" sizes=\"auto, (max-width: 640px) 100vw, 640px\" \/><\/a><\/p>\n<p>&nbsp;<\/p>\n<p>En fait, c\u2019est m\u00eame cette intention qui a \u00e9t\u00e9 \u00e0 la base du film. Une fois que la cin\u00e9aste avait les com\u00e9diens en t\u00eate et qu\u2019ils avaient donn\u00e9 leur accord \u00e0 une nouvelle collaboration, il ne lui restait \u00ab\u00a0plus\u00a0\u00bb qu\u2019\u00e0 \u00e9crire un sc\u00e9nario convaincant qui les relie. Elle a alors fait appel au romancier Hubert Mingarelli pour l\u2019aider \u00e0 imaginer une histoire forte qu\u2019elle aurait envie de mettre en sc\u00e8ne.<\/p>\n<p>&nbsp;<\/p>\n<p>La d\u00e9marche est \u00e9tonnante, mais le moins qu\u2019on puisse dire une fois qu\u2019on a (enfin) d\u00e9couvert sur grand \u00e9cran le r\u00e9sultat de cette exp\u00e9rience, est qu\u2019elle est couronn\u00e9e de succ\u00e8s\u00a0: <em>En amont du fleuve<\/em> est un film singulier, sensible, \u00e9mouvant, \u00e0 la fois apais\u00e9 et tendu, port\u00e9 par une interpr\u00e9tation exceptionnelle, r\u00e9alis\u00e9 avec pudeur et film\u00e9 sans ostentation avec une vraie virtuosit\u00e9 qui donne envie de filer illico en Croatie o\u00f9 le film a \u00e9t\u00e9 r\u00e9alis\u00e9. L\u2019\u00e9criture est pr\u00e9cise et d\u2019une finesse rare. Les enjeux, pr\u00e9sent\u00e9s en mode mineur, touchent aux fondements m\u00eames de notre humanit\u00e9.<\/p>\n<p>&nbsp;<\/p>\n<p><a href=\"http:\/\/www.cinevox.be\/wp-content\/uploads\/2016\/10\/AMONT-T5.jpg\"><img loading=\"lazy\" decoding=\"async\" class=\"aligncenter size-large wp-image-91222\" src=\"http:\/\/www.cinevox.be\/wp-content\/uploads\/2016\/10\/AMONT-T5-800x533.jpg\" alt=\"\" width=\"640\" height=\"426\" srcset=\"https:\/\/w-l-c.be\/wp-content\/uploads\/2016\/10\/AMONT-T5-800x533.jpg 800w, https:\/\/w-l-c.be\/wp-content\/uploads\/2016\/10\/AMONT-T5-404x270.jpg 404w, https:\/\/w-l-c.be\/wp-content\/uploads\/2016\/10\/AMONT-T5.jpg 1242w\" sizes=\"auto, (max-width: 640px) 100vw, 640px\" \/><\/a><\/p>\n<p>&nbsp;<\/p>\n<p>Face \u00e0 face au fil de l\u2019eau, Sergi Lopez (Jo) et Olivier Gourmet (Homer), un peu bourrus, taiseux, s\u2019observent et se mesurent. Le premier est \u00e9crivain, l\u2019autre poss\u00e8de des camions qui sillonnent l\u2019Europe. Sans avoir l\u2019air d\u2019y toucher, Homer tente de glaner chez son demi-fr\u00e8re des informations qui confortent l\u2019image positive qu\u2019il a de son p\u00e8re. Jo ne se livre que par bribes. Dans ce road movie sur l\u2019eau, ils picolent, trouvent ici et l\u00e0 quelques moments de complicit\u00e9, mais restent sur leurs gardes en attendant de parvenir au lieu o\u00f9 leur p\u00e8re a \u00e9t\u00e9 retrouv\u00e9 mort, esp\u00e9rant en apprendre un peu plus sur son d\u00e9c\u00e8s. Et sur lui.<\/p>\n<p>&nbsp;<\/p>\n<p>Ces deux com\u00e9diens qui se sont parfois crois\u00e9s sur un tournage, mais n\u2019ont jamais eu l&rsquo;opportunit\u00e9 de tourner face \u00e0 face n\u2019ont pas loup\u00e9 l\u2019occasion de livrer ensemble une prestation inoubliable. Marion pressentait qu\u2019ils \u00e9taient faits pour s\u2019entendre et elle ne s\u2019est bien s\u00fbr pas tromp\u00e9e. Intenables sur le plateau, irr\u00e9sistiblement dr\u00f4les de l\u2019aveu m\u00eame de la r\u00e9alisatrice, ils retrouvent devant la cam\u00e9ra toute la concentration et la distance n\u00e9cessaire \u00e0 la cr\u00e9dibilit\u00e9 du r\u00e9cit, une fois que Marion a l\u00e2ch\u00e9 le mot magique\u00a0: \u00ab\u00a0Moteur\u00a0\u00bb.<br \/>\nCes deux quinquas au physique un peu lourd n\u2019ont pas besoin de beaucoup de textes pour que le spectateur les adoube et les accompagnent, compagnon invisible et curieux de ce qu\u2019ils trouveront en chemin, \u00e9mu de leurs maladroites man\u0153uvres d\u2019approche, touch\u00e9 par les petites joies qu\u2019ils glanent et les d\u00e9ceptions qui les frappent de plein fouet.<\/p>\n<p>&nbsp;<\/p>\n<p><a href=\"http:\/\/www.cinevox.be\/wp-content\/uploads\/2016\/10\/AMONT-R3.jpg\"><img loading=\"lazy\" decoding=\"async\" class=\"aligncenter size-large wp-image-91223\" src=\"http:\/\/www.cinevox.be\/wp-content\/uploads\/2016\/10\/AMONT-R3-800x445.jpg\" alt=\"\" width=\"640\" height=\"356\" srcset=\"https:\/\/w-l-c.be\/wp-content\/uploads\/2016\/10\/AMONT-R3-800x445.jpg 800w, https:\/\/w-l-c.be\/wp-content\/uploads\/2016\/10\/AMONT-R3-480x267.jpg 480w, https:\/\/w-l-c.be\/wp-content\/uploads\/2016\/10\/AMONT-R3.jpg 1578w\" sizes=\"auto, (max-width: 640px) 100vw, 640px\" \/><\/a><\/p>\n<p>&nbsp;<\/p>\n<p>Quand Homer et Jo rencontrent le troisi\u00e8me larron de l\u2019histoire, une v\u00e9rit\u00e9 se dessine assez diff\u00e9rente de ce qu\u2019ils avaient imagin\u00e9 et le duo qu\u2019on a appris \u00e0 conna\u00eetre et \u00e0 aimer va devoir composer avec ce personnage ambigu qui, s\u2019il n\u2019est pas li\u00e9 avec eux par le sang, a su nouer avec leur p\u00e8re une relation fort diff\u00e9rente de la leur. Cela nous donne sans doute la plus belle s\u00e9quence du film que nous ne d\u00e9taillerons pas ici (la surprise est n\u00e9cessaire), mais qui, vue \u00e0 travers les yeux d\u2019Olivier Gourmet, est tout simplement bouleversante.<\/p>\n<p>&nbsp;<\/p>\n<p>Dans un univers \u00ab\u00a0\u00ab\u00a0multit\u00e2ches\u00a0\u00bb ou le zapping est loi, o\u00f9 tout doit aller vite pour ne pas ennuyer, o\u00f9 les films doivent \u00eatre mont\u00e9s \u00e0 la tron\u00e7onneuse pour captiver, Marion H\u00e4nsel prend le pari de prendre son temps et de laisser \u00e0 ses acteurs l\u2019espace pour se r\u00e9v\u00e9ler sans se bousculer. Une d\u00e9marche dict\u00e9e par une volont\u00e9 de r\u00e9alisme puisqu\u2019on est sur un fleuve au milieu de nulle part et que, contrairement \u00e0 la plupart des road movies, le duo ne va pas croiser grand monde au fil de son p\u00e9riple. Mais alors que cette envie de lenteur pourrait effrayer, elle convainc le spectateur par un naturalisme tr\u00e8s premier degr\u00e9, sans artifice, ni effets de manches, sans aucune \u00ab\u00a0pose auteuriste\u00a0\u00bb.<\/p>\n<p>&nbsp;<\/p>\n<p><a href=\"http:\/\/www.cinevox.be\/wp-content\/uploads\/2016\/10\/AMONT-R1.jpg\"><img loading=\"lazy\" decoding=\"async\" class=\"aligncenter size-large wp-image-91227\" src=\"http:\/\/www.cinevox.be\/wp-content\/uploads\/2016\/10\/AMONT-R1-800x440.jpg\" alt=\"\" width=\"640\" height=\"352\" srcset=\"https:\/\/w-l-c.be\/wp-content\/uploads\/2016\/10\/AMONT-R1-800x440.jpg 800w, https:\/\/w-l-c.be\/wp-content\/uploads\/2016\/10\/AMONT-R1-480x264.jpg 480w, https:\/\/w-l-c.be\/wp-content\/uploads\/2016\/10\/AMONT-R1.jpg 1582w\" sizes=\"auto, (max-width: 640px) 100vw, 640px\" \/><\/a><\/p>\n<p>Marion H\u00e4nsel filme \u00ab\u00a0ses\u00a0\u00bb hommes au plus pr\u00e8s, de mani\u00e8re pragmatique et famili\u00e8re, elle utilise la musique avec parcimonie pour un effet maximum tandis qu\u2019elle nous offre des vues saisissantes de la r\u00e9gion de Zadar \u00e0 se d\u00e9crocher la m\u00e2choire.<\/p>\n<p>&nbsp;<\/p>\n<p>&nbsp;<\/p>\n<p><a href=\"http:\/\/www.cinevox.be\/wp-content\/uploads\/2016\/10\/AMONT-T3.jpg\"><img loading=\"lazy\" decoding=\"async\" class=\"aligncenter size-full wp-image-91224\" src=\"http:\/\/www.cinevox.be\/wp-content\/uploads\/2016\/10\/AMONT-T3.jpg\" alt=\"\" width=\"599\" height=\"400\" srcset=\"https:\/\/w-l-c.be\/wp-content\/uploads\/2016\/10\/AMONT-T3.jpg 599w, https:\/\/w-l-c.be\/wp-content\/uploads\/2016\/10\/AMONT-T3-404x270.jpg 404w\" sizes=\"auto, (max-width: 599px) 100vw, 599px\" \/><\/a><\/p>\n<p>&nbsp;<\/p>\n<p>Techniquement, le film est \u00e9galement un grand d\u00e9fi, relev\u00e9 avec brio. On oublie imm\u00e9diatement l\u2019\u00e9quipe tapie dans des espaces restreints, en contrechamp de l\u2019action, qui doivent para\u00eetre vides. Du coup, happ\u00e9 par l\u2019impression de solitude profonde des deux personnages, le spectateur erre avec eux au milieu d\u2019une immensit\u00e9 d\u00e9sertique qui conf\u00e8re au r\u00e9cit une r\u00e9sonnance universelle.<\/p>\n<p>&nbsp;<\/p>\n<p>Dans la lign\u00e9e de <em>La Tendresse<\/em>, r\u00e9aliste, doux et touchant, tr\u00e8s r\u00e9ussi, mais que certains avaient trouv\u00e9 trop lisse (pas nous), <em>En amont du fleuve<\/em> est plus r\u00eache avec son r\u00e9cit piment\u00e9 de tensions humaines profondes. La qu\u00eate du p\u00e8re, sujet classique s\u2019il en est, est ici trait\u00e9e avec une pudeur et une force rare, d\u2019autant plus d\u00e9sarmante qu\u2019elle frappe de plein fouet deux colosses qui se donnent des allures intouchables.<\/p>\n<p>&nbsp;<\/p>\n<p>Et si Marion refuse toujours de gonfler artificiellement les enjeux de son histoire, elle captive le spectateur de bout en bout sans jamais laisser retomber l\u2019attention. Du coup, pas besoin de grandes cascades impressionnantes pour nous tenir en haleine. Quand un(e) cin\u00e9aste s\u2019autorise \u00e0 clore son r\u00e9cit par un unique sourire, point d\u2019orgue qui nous emporte et nous submerge, on ne peut qu\u2019applaudir \u00e0 l\u2019exploit (ce que la salle de la Premi\u00e8re belge au FIFF ne s\u2019est pas priv\u00e9e de faire).<\/p>\n<p>Un film qui restera dans les m\u00e9moires, notre premier coup de foudre du FIFF .<\/p>\n","protected":false},"excerpt":{"rendered":"<p>\u00c0 bord d\u2019un petit rafiot, Homer et Jo\u00e9, la cinquantaine, remontent un fleuve quelque part en Croatie. Jusqu\u2019au d\u00e9c\u00e8s, r\u00e9cent, de leur p\u00e8re, chacun ignorait tout de l\u2019existence de l\u2019autre. Pourtant, ils sont demi-fr\u00e8res. S&rsquo;ils sont ici, c&rsquo;est pour essayer de comprendre qui \u00e9tait vraiment leur g\u00e9niteur. Joe l&rsquo;a connu, il a m\u00eame v\u00e9cu avec &hellip;<\/p>\n","protected":false},"author":7,"featured_media":91226,"comment_status":"closed","ping_status":"closed","sticky":false,"template":"","format":"standard","meta":{"ngg_post_thumbnail":0,"footnotes":""},"categories":[53,12],"tags":[],"class_list":["post-91220","post","type-post","status-publish","format-standard","has-post-thumbnail","","category-coming-soon","category-awards"],"yoast_head":"<!-- This site is optimized with the Yoast SEO plugin v20.4 - https:\/\/yoast.com\/wordpress\/plugins\/seo\/ -->\n<title>En amont du fleuve\u00a0: les colosses au c\u0153ur d\u2019argile. - w-l-c<\/title>\n<meta name=\"robots\" content=\"noindex, follow, max-snippet:-1, max-image-preview:large, max-video-preview:-1\" \/>\n<meta property=\"og:locale\" content=\"fr_FR\" \/>\n<meta property=\"og:type\" content=\"article\" \/>\n<meta property=\"og:title\" content=\"En amont du fleuve\u00a0: les colosses au c\u0153ur d\u2019argile. - w-l-c\" \/>\n<meta property=\"og:description\" content=\"\u00c0 bord d\u2019un petit rafiot, Homer et Jo\u00e9, la cinquantaine, remontent un fleuve quelque part en Croatie. Jusqu\u2019au d\u00e9c\u00e8s, r\u00e9cent, de leur p\u00e8re, chacun ignorait tout de l\u2019existence de l\u2019autre. Pourtant, ils sont demi-fr\u00e8res. S&rsquo;ils sont ici, c&rsquo;est pour essayer de comprendre qui \u00e9tait vraiment leur g\u00e9niteur. Joe l&rsquo;a connu, il a m\u00eame v\u00e9cu avec &hellip;\" \/>\n<meta property=\"og:url\" content=\"https:\/\/w-l-c.be\/fr\/en-amont-du-fleuve-les-colosses-au-coeur-dargile\/\" \/>\n<meta property=\"og:site_name\" content=\"w-l-c\" \/>\n<meta property=\"article:published_time\" content=\"2016-10-03T06:25:36+00:00\" \/>\n<meta property=\"article:modified_time\" content=\"2017-05-16T17:48:31+00:00\" \/>\n<meta property=\"og:image\" content=\"https:\/\/w-l-c.be\/wp-content\/uploads\/2016\/10\/AMONT-T4.jpg\" \/>\n\t<meta property=\"og:image:width\" content=\"6229\" \/>\n\t<meta property=\"og:image:height\" content=\"4157\" \/>\n\t<meta property=\"og:image:type\" content=\"image\/jpeg\" \/>\n<meta name=\"author\" content=\"Philippe.Pierquin\" \/>\n<meta name=\"twitter:card\" content=\"summary_large_image\" \/>\n<meta name=\"twitter:label1\" content=\"\u00c9crit par\" \/>\n\t<meta name=\"twitter:data1\" content=\"Philippe.Pierquin\" \/>\n\t<meta name=\"twitter:label2\" content=\"Dur\u00e9e de lecture estim\u00e9e\" \/>\n\t<meta name=\"twitter:data2\" content=\"6 minutes\" \/>\n<script type=\"application\/ld+json\" class=\"yoast-schema-graph\">{\"@context\":\"https:\/\/schema.org\",\"@graph\":[{\"@type\":\"WebPage\",\"@id\":\"https:\/\/w-l-c.be\/fr\/en-amont-du-fleuve-les-colosses-au-coeur-dargile\/\",\"url\":\"https:\/\/w-l-c.be\/fr\/en-amont-du-fleuve-les-colosses-au-coeur-dargile\/\",\"name\":\"En amont du fleuve\u00a0: les colosses au c\u0153ur d\u2019argile. - w-l-c\",\"isPartOf\":{\"@id\":\"https:\/\/w-l-c.be\/fr\/#website\"},\"datePublished\":\"2016-10-03T06:25:36+00:00\",\"dateModified\":\"2017-05-16T17:48:31+00:00\",\"author\":{\"@id\":\"https:\/\/w-l-c.be\/fr\/#\/schema\/person\/4b9b1d857f0943453a38a7c2859ef756\"},\"breadcrumb\":{\"@id\":\"https:\/\/w-l-c.be\/fr\/en-amont-du-fleuve-les-colosses-au-coeur-dargile\/#breadcrumb\"},\"inLanguage\":\"fr-FR\",\"potentialAction\":[{\"@type\":\"ReadAction\",\"target\":[\"https:\/\/w-l-c.be\/fr\/en-amont-du-fleuve-les-colosses-au-coeur-dargile\/\"]}]},{\"@type\":\"BreadcrumbList\",\"@id\":\"https:\/\/w-l-c.be\/fr\/en-amont-du-fleuve-les-colosses-au-coeur-dargile\/#breadcrumb\",\"itemListElement\":[{\"@type\":\"ListItem\",\"position\":1,\"name\":\"Accueil\",\"item\":\"https:\/\/w-l-c.be\/fr\/\"},{\"@type\":\"ListItem\",\"position\":2,\"name\":\"En amont du fleuve\u00a0: les colosses au c\u0153ur d\u2019argile.\"}]},{\"@type\":\"WebSite\",\"@id\":\"https:\/\/w-l-c.be\/fr\/#website\",\"url\":\"https:\/\/w-l-c.be\/fr\/\",\"name\":\"w-l-c\",\"description\":\"Le cin\u00e9ma vu par les belges\",\"potentialAction\":[{\"@type\":\"SearchAction\",\"target\":{\"@type\":\"EntryPoint\",\"urlTemplate\":\"https:\/\/w-l-c.be\/fr\/?s={search_term_string}\"},\"query-input\":\"required name=search_term_string\"}],\"inLanguage\":\"fr-FR\"},{\"@type\":\"Person\",\"@id\":\"https:\/\/w-l-c.be\/fr\/#\/schema\/person\/4b9b1d857f0943453a38a7c2859ef756\",\"name\":\"Philippe.Pierquin\",\"url\":\"https:\/\/w-l-c.be\/fr\/author\/philippe-pierquin\/\"}]}<\/script>\n<!-- \/ Yoast SEO plugin. -->","yoast_head_json":{"title":"En amont du fleuve\u00a0: les colosses au c\u0153ur d\u2019argile. - w-l-c","robots":{"index":"noindex","follow":"follow","max-snippet":"max-snippet:-1","max-image-preview":"max-image-preview:large","max-video-preview":"max-video-preview:-1"},"og_locale":"fr_FR","og_type":"article","og_title":"En amont du fleuve\u00a0: les colosses au c\u0153ur d\u2019argile. - w-l-c","og_description":"\u00c0 bord d\u2019un petit rafiot, Homer et Jo\u00e9, la cinquantaine, remontent un fleuve quelque part en Croatie. Jusqu\u2019au d\u00e9c\u00e8s, r\u00e9cent, de leur p\u00e8re, chacun ignorait tout de l\u2019existence de l\u2019autre. Pourtant, ils sont demi-fr\u00e8res. S&rsquo;ils sont ici, c&rsquo;est pour essayer de comprendre qui \u00e9tait vraiment leur g\u00e9niteur. Joe l&rsquo;a connu, il a m\u00eame v\u00e9cu avec &hellip;","og_url":"https:\/\/w-l-c.be\/fr\/en-amont-du-fleuve-les-colosses-au-coeur-dargile\/","og_site_name":"w-l-c","article_published_time":"2016-10-03T06:25:36+00:00","article_modified_time":"2017-05-16T17:48:31+00:00","og_image":[{"width":6229,"height":4157,"url":"https:\/\/w-l-c.be\/wp-content\/uploads\/2016\/10\/AMONT-T4.jpg","type":"image\/jpeg"}],"author":"Philippe.Pierquin","twitter_card":"summary_large_image","twitter_misc":{"\u00c9crit par":"Philippe.Pierquin","Dur\u00e9e de lecture estim\u00e9e":"6 minutes"},"schema":{"@context":"https:\/\/schema.org","@graph":[{"@type":"WebPage","@id":"https:\/\/w-l-c.be\/fr\/en-amont-du-fleuve-les-colosses-au-coeur-dargile\/","url":"https:\/\/w-l-c.be\/fr\/en-amont-du-fleuve-les-colosses-au-coeur-dargile\/","name":"En amont du fleuve\u00a0: les colosses au c\u0153ur d\u2019argile. - w-l-c","isPartOf":{"@id":"https:\/\/w-l-c.be\/fr\/#website"},"datePublished":"2016-10-03T06:25:36+00:00","dateModified":"2017-05-16T17:48:31+00:00","author":{"@id":"https:\/\/w-l-c.be\/fr\/#\/schema\/person\/4b9b1d857f0943453a38a7c2859ef756"},"breadcrumb":{"@id":"https:\/\/w-l-c.be\/fr\/en-amont-du-fleuve-les-colosses-au-coeur-dargile\/#breadcrumb"},"inLanguage":"fr-FR","potentialAction":[{"@type":"ReadAction","target":["https:\/\/w-l-c.be\/fr\/en-amont-du-fleuve-les-colosses-au-coeur-dargile\/"]}]},{"@type":"BreadcrumbList","@id":"https:\/\/w-l-c.be\/fr\/en-amont-du-fleuve-les-colosses-au-coeur-dargile\/#breadcrumb","itemListElement":[{"@type":"ListItem","position":1,"name":"Accueil","item":"https:\/\/w-l-c.be\/fr\/"},{"@type":"ListItem","position":2,"name":"En amont du fleuve\u00a0: les colosses au c\u0153ur d\u2019argile."}]},{"@type":"WebSite","@id":"https:\/\/w-l-c.be\/fr\/#website","url":"https:\/\/w-l-c.be\/fr\/","name":"w-l-c","description":"Le cin\u00e9ma vu par les belges","potentialAction":[{"@type":"SearchAction","target":{"@type":"EntryPoint","urlTemplate":"https:\/\/w-l-c.be\/fr\/?s={search_term_string}"},"query-input":"required name=search_term_string"}],"inLanguage":"fr-FR"},{"@type":"Person","@id":"https:\/\/w-l-c.be\/fr\/#\/schema\/person\/4b9b1d857f0943453a38a7c2859ef756","name":"Philippe.Pierquin","url":"https:\/\/w-l-c.be\/fr\/author\/philippe-pierquin\/"}]}},"_links":{"self":[{"href":"https:\/\/w-l-c.be\/fr\/wp-json\/wp\/v2\/posts\/91220","targetHints":{"allow":["GET"]}}],"collection":[{"href":"https:\/\/w-l-c.be\/fr\/wp-json\/wp\/v2\/posts"}],"about":[{"href":"https:\/\/w-l-c.be\/fr\/wp-json\/wp\/v2\/types\/post"}],"author":[{"embeddable":true,"href":"https:\/\/w-l-c.be\/fr\/wp-json\/wp\/v2\/users\/7"}],"replies":[{"embeddable":true,"href":"https:\/\/w-l-c.be\/fr\/wp-json\/wp\/v2\/comments?post=91220"}],"version-history":[{"count":0,"href":"https:\/\/w-l-c.be\/fr\/wp-json\/wp\/v2\/posts\/91220\/revisions"}],"wp:featuredmedia":[{"embeddable":true,"href":"https:\/\/w-l-c.be\/fr\/wp-json\/wp\/v2\/media\/91226"}],"wp:attachment":[{"href":"https:\/\/w-l-c.be\/fr\/wp-json\/wp\/v2\/media?parent=91220"}],"wp:term":[{"taxonomy":"category","embeddable":true,"href":"https:\/\/w-l-c.be\/fr\/wp-json\/wp\/v2\/categories?post=91220"},{"taxonomy":"post_tag","embeddable":true,"href":"https:\/\/w-l-c.be\/fr\/wp-json\/wp\/v2\/tags?post=91220"}],"curies":[{"name":"wp","href":"https:\/\/api.w.org\/{rel}","templated":true}]}}