
{"id":91262,"date":"2016-10-04T08:14:54","date_gmt":"2016-10-04T06:14:54","guid":{"rendered":"http:\/\/www.cinevox.be\/?p=91262"},"modified":"2016-10-04T08:14:54","modified_gmt":"2016-10-04T06:14:54","slug":"le-fiff-a-la-tele-cest-tout-court","status":"publish","type":"post","link":"https:\/\/w-l-c.be\/fr\/le-fiff-a-la-tele-cest-tout-court\/","title":{"rendered":"Le FIFF \u00e0 la t\u00e9l\u00e9, c\u2019est Tout Court"},"content":{"rendered":"<p>Le FIFF namurois bat son plein et Tout Court propose tout naturellement trois films pr\u00e9sent\u00e9s l\u2019an dernier dans la capitale wallonne.<\/p>\n<p>Pas d\u2019in\u00e9dit au menu, mais une petite perle produite par les Fr\u00e8res Dardenne (et donc Delphine Tomson), le vainqueur du premier Magritte du court m\u00e9trage d\u2019animation en 2016 et le film qui a d\u00e9croch\u00e9 le prix du meilleur court m\u00e9trage belge l\u2019an dernier \u00e0 Namur.<br \/>\nPetite s\u00e9lection au top, donc, programm\u00e9e sur la Trois en fin de soir\u00e9e et visible d\u00e8s demain sur le site Auvio de la RTBF. On en reparle, bien s\u00fbr.<!--more--><\/p>\n<p>&nbsp;<\/p>\n<p><a href=\"http:\/\/www.cinevox.be\/wp-content\/uploads\/2016\/10\/rena\u00eetre.jpg\"><img loading=\"lazy\" decoding=\"async\" class=\"aligncenter size-large wp-image-91263\" src=\"http:\/\/www.cinevox.be\/wp-content\/uploads\/2016\/10\/rena\u00eetre-800x423.jpg\" alt=\"\" width=\"640\" height=\"338\" srcset=\"https:\/\/w-l-c.be\/wp-content\/uploads\/2016\/10\/rena\u00eetre-800x423.jpg 800w, https:\/\/w-l-c.be\/wp-content\/uploads\/2016\/10\/rena\u00eetre-480x254.jpg 480w, https:\/\/w-l-c.be\/wp-content\/uploads\/2016\/10\/rena\u00eetre.jpg 1844w\" sizes=\"auto, (max-width: 640px) 100vw, 640px\" \/><\/a><\/p>\n<p>&nbsp;<\/p>\n<h2>23:25\u00a0&#8211; <strong>Rena\u00eetre<\/strong><\/h2>\n<p>&nbsp;<\/p>\n<ul>\n<li><strong>Dur\u00e9e\u00a0:<\/strong>\u00a000:22<\/li>\n<\/ul>\n<p>Un coup de t\u00e9l\u00e9phone fait ressurgir le pass\u00e9 de Sarah. Seule, mentant \u00e0 ses proches, elle n&rsquo;a maintenant plus qu&rsquo;une id\u00e9e en t\u00eate: traverser la M\u00e9diterran\u00e9e pour retourner en Tunisie. Guid\u00e9e par la violence de ses sentiments, elle entreprend un voyage afin de rester fid\u00e8le \u00e0 une ancienne promesse faite \u00e0 l&rsquo;homme qu&rsquo;elle aimait.<\/p>\n<ul>\n<li><strong>Acteur\/Actrice\u00a0:\u00a0<\/strong>Nailia Harzoune, Hassiba Halabi, Olivia Harkay, Yassine Ben Yahia, Bassem Hamraoui<\/li>\n<\/ul>\n<p>&nbsp;<\/p>\n<p><a href=\"http:\/\/www.cinevox.be\/wp-content\/uploads\/2016\/10\/derni\u00e8re-porte-au-sud.jpg\"><img loading=\"lazy\" decoding=\"async\" class=\"aligncenter size-large wp-image-91264\" src=\"http:\/\/www.cinevox.be\/wp-content\/uploads\/2016\/10\/derni\u00e8re-porte-au-sud-800x428.jpg\" alt=\"\" width=\"640\" height=\"342\" srcset=\"https:\/\/w-l-c.be\/wp-content\/uploads\/2016\/10\/derni\u00e8re-porte-au-sud-800x428.jpg 800w, https:\/\/w-l-c.be\/wp-content\/uploads\/2016\/10\/derni\u00e8re-porte-au-sud-480x257.jpg 480w, https:\/\/w-l-c.be\/wp-content\/uploads\/2016\/10\/derni\u00e8re-porte-au-sud.jpg 1920w\" sizes=\"auto, (max-width: 640px) 100vw, 640px\" \/><\/a><\/p>\n<p>&nbsp;<\/p>\n<h2>23:50\u00a0&#8211; <strong>Derni\u00e8re porte au sud<\/strong><\/h2>\n<p>&nbsp;<\/p>\n<ul>\n<li><strong>Dur\u00e9e\u00a0:<\/strong>\u00a000:14<\/li>\n<\/ul>\n<p>Le Monde est fait d&rsquo;\u00e9tages reli\u00e9s par des escaliers. Les \u00e9tages sont faits de pi\u00e8ces reli\u00e9es par des couloirs. Et tous les \u00e9tages, \u00e7a fait le Monde. Telle est la th\u00e9orie \u00e9labor\u00e9e par un enfant doubl\u00e9 de sa seconde t\u00eate siamoise, que sa m\u00e8re n&rsquo;a jamais laiss\u00e9 sortir de l&rsquo;immense manoir familial. Entre explorations de couloirs interminables, scolarit\u00e9 priv\u00e9e et visites au mausol\u00e9e paternel, les fr\u00e8res n&rsquo;ont jamais remis en question les limites de ce monde. Jusqu&rsquo;au jour o\u00f9, obs\u00e9d\u00e9s par une \u00e9trange lumi\u00e8re aper\u00e7ue par accident, ils jurent d&rsquo;en trouver le bout. Un enfant \u00e0 deux t\u00eates, que sa m\u00e8re n&rsquo;a jamais laiss\u00e9 sortir de l&rsquo;immense manoir familial depuis sa naissance, aper\u00e7oit par accident une \u00e9trange lumi\u00e8re&#8230; Derni\u00e8re Porte au Sud est une adaptation cin\u00e9matographique de la bande dessin\u00e9e du m\u00eame nom, de Philippe Foerster. Court m\u00e9trage d&rsquo;animation.<\/p>\n<ul>\n<li><strong>R\u00e9alisateur\u00a0:\u00a0<\/strong>Sacha Feiner<\/li>\n<li><strong>Sc\u00e9nariste\u00a0:\u00a0<\/strong>Sacha Feiner<\/li>\n<li><strong>Compositeur\u00a0:\u00a0<\/strong>Alexandre Poncet<\/li>\n<\/ul>\n<p>&nbsp;<\/p>\n<p><a href=\"http:\/\/www.cinevox.be\/wp-content\/uploads\/2016\/10\/Hidden-Part-The2.jpg\"><img loading=\"lazy\" decoding=\"async\" class=\"aligncenter size-large wp-image-91266\" src=\"http:\/\/www.cinevox.be\/wp-content\/uploads\/2016\/10\/Hidden-Part-The2-800x330.jpg\" alt=\"\" width=\"640\" height=\"264\" srcset=\"https:\/\/w-l-c.be\/wp-content\/uploads\/2016\/10\/Hidden-Part-The2-800x330.jpg 800w, https:\/\/w-l-c.be\/wp-content\/uploads\/2016\/10\/Hidden-Part-The2-480x198.jpg 480w, https:\/\/w-l-c.be\/wp-content\/uploads\/2016\/10\/Hidden-Part-The2.jpg 2039w\" sizes=\"auto, (max-width: 640px) 100vw, 640px\" \/><\/a><\/p>\n<p>&nbsp;<\/p>\n<h2>00:05\u00a0&#8211; <strong>The hidden part<\/strong><\/h2>\n<p><strong>Dur\u00e9e\u00a0:<\/strong>\u00a000:19<\/p>\n<p>D\u00e9rogeant \u00e0 ses habitudes, Asgeir, accepte la pr\u00e9sence de Wor\u00e9, une jeune femme africaine, \u00e0 bord de son camion. R\u00e9unis le temps d&rsquo;une journ\u00e9e sur les routes d&rsquo;Islande, ces deux \u00eatres enferm\u00e9s dans leur solitude vont d\u00e9couvrir, malgr\u00e9 eux, une part de l&rsquo;autre mais aussi d&rsquo;eux-m\u00eames.<\/p>\n<ul>\n<li><strong>R\u00e9alisateur\u00a0:\u00a0<\/strong>Caroline D&rsquo;Hondt, Monique Marnette<\/li>\n<li><strong>Sc\u00e9nariste\u00a0:\u00a0<\/strong>Caroline D&rsquo;Hondt, Monique Marnette<\/li>\n<li><strong>Acteur\/Actrice\u00a0:\u00a0<\/strong>Babetida Sadjo, Ingvar E. Sigurdsson<\/li>\n<\/ul>\n<p>&nbsp;<\/p>\n<p>&nbsp;<\/p>\n<p>&nbsp;<\/p>\n","protected":false},"excerpt":{"rendered":"<p>Le FIFF namurois bat son plein et Tout Court propose tout naturellement trois films pr\u00e9sent\u00e9s l\u2019an dernier dans la capitale wallonne. Pas d\u2019in\u00e9dit au menu, mais une petite perle produite par les Fr\u00e8res Dardenne (et donc Delphine Tomson), le vainqueur du premier Magritte du court m\u00e9trage d\u2019animation en 2016 et le film qui a d\u00e9croch\u00e9 &hellip;<\/p>\n","protected":false},"author":7,"featured_media":91268,"comment_status":"closed","ping_status":"closed","sticky":false,"template":"","format":"standard","meta":{"ngg_post_thumbnail":0,"footnotes":""},"categories":[14],"tags":[],"class_list":["post-91262","post","type-post","status-publish","format-standard","has-post-thumbnail","","category-home-cinema"],"yoast_head":"<!-- This site is optimized with the Yoast SEO plugin v20.4 - https:\/\/yoast.com\/wordpress\/plugins\/seo\/ -->\n<title>Le FIFF \u00e0 la t\u00e9l\u00e9, c\u2019est Tout Court - w-l-c<\/title>\n<meta name=\"robots\" content=\"noindex, follow, max-snippet:-1, max-image-preview:large, max-video-preview:-1\" \/>\n<meta property=\"og:locale\" content=\"fr_FR\" \/>\n<meta property=\"og:type\" content=\"article\" \/>\n<meta property=\"og:title\" content=\"Le FIFF \u00e0 la t\u00e9l\u00e9, c\u2019est Tout Court - w-l-c\" \/>\n<meta property=\"og:description\" content=\"Le FIFF namurois bat son plein et Tout Court propose tout naturellement trois films pr\u00e9sent\u00e9s l\u2019an dernier dans la capitale wallonne. Pas d\u2019in\u00e9dit au menu, mais une petite perle produite par les Fr\u00e8res Dardenne (et donc Delphine Tomson), le vainqueur du premier Magritte du court m\u00e9trage d\u2019animation en 2016 et le film qui a d\u00e9croch\u00e9 &hellip;\" \/>\n<meta property=\"og:url\" content=\"https:\/\/w-l-c.be\/fr\/le-fiff-a-la-tele-cest-tout-court\/\" \/>\n<meta property=\"og:site_name\" content=\"w-l-c\" \/>\n<meta property=\"article:published_time\" content=\"2016-10-04T06:14:54+00:00\" \/>\n<meta property=\"og:image\" content=\"https:\/\/w-l-c.be\/wp-content\/uploads\/2016\/10\/hidden4.png\" \/>\n\t<meta property=\"og:image:width\" content=\"719\" \/>\n\t<meta property=\"og:image:height\" content=\"400\" \/>\n\t<meta property=\"og:image:type\" content=\"image\/png\" \/>\n<meta name=\"author\" content=\"Philippe.Pierquin\" \/>\n<meta name=\"twitter:card\" content=\"summary_large_image\" \/>\n<meta name=\"twitter:label1\" content=\"\u00c9crit par\" \/>\n\t<meta name=\"twitter:data1\" content=\"Philippe.Pierquin\" \/>\n\t<meta name=\"twitter:label2\" content=\"Dur\u00e9e de lecture estim\u00e9e\" \/>\n\t<meta name=\"twitter:data2\" content=\"2 minutes\" \/>\n<script type=\"application\/ld+json\" class=\"yoast-schema-graph\">{\"@context\":\"https:\/\/schema.org\",\"@graph\":[{\"@type\":\"WebPage\",\"@id\":\"https:\/\/w-l-c.be\/fr\/le-fiff-a-la-tele-cest-tout-court\/\",\"url\":\"https:\/\/w-l-c.be\/fr\/le-fiff-a-la-tele-cest-tout-court\/\",\"name\":\"Le FIFF \u00e0 la t\u00e9l\u00e9, c\u2019est Tout Court - w-l-c\",\"isPartOf\":{\"@id\":\"https:\/\/w-l-c.be\/fr\/#website\"},\"datePublished\":\"2016-10-04T06:14:54+00:00\",\"dateModified\":\"2016-10-04T06:14:54+00:00\",\"author\":{\"@id\":\"https:\/\/w-l-c.be\/fr\/#\/schema\/person\/4b9b1d857f0943453a38a7c2859ef756\"},\"breadcrumb\":{\"@id\":\"https:\/\/w-l-c.be\/fr\/le-fiff-a-la-tele-cest-tout-court\/#breadcrumb\"},\"inLanguage\":\"fr-FR\",\"potentialAction\":[{\"@type\":\"ReadAction\",\"target\":[\"https:\/\/w-l-c.be\/fr\/le-fiff-a-la-tele-cest-tout-court\/\"]}]},{\"@type\":\"BreadcrumbList\",\"@id\":\"https:\/\/w-l-c.be\/fr\/le-fiff-a-la-tele-cest-tout-court\/#breadcrumb\",\"itemListElement\":[{\"@type\":\"ListItem\",\"position\":1,\"name\":\"Accueil\",\"item\":\"https:\/\/w-l-c.be\/fr\/\"},{\"@type\":\"ListItem\",\"position\":2,\"name\":\"Le FIFF \u00e0 la t\u00e9l\u00e9, c\u2019est Tout Court\"}]},{\"@type\":\"WebSite\",\"@id\":\"https:\/\/w-l-c.be\/fr\/#website\",\"url\":\"https:\/\/w-l-c.be\/fr\/\",\"name\":\"w-l-c\",\"description\":\"Le cin\u00e9ma vu par les belges\",\"potentialAction\":[{\"@type\":\"SearchAction\",\"target\":{\"@type\":\"EntryPoint\",\"urlTemplate\":\"https:\/\/w-l-c.be\/fr\/?s={search_term_string}\"},\"query-input\":\"required name=search_term_string\"}],\"inLanguage\":\"fr-FR\"},{\"@type\":\"Person\",\"@id\":\"https:\/\/w-l-c.be\/fr\/#\/schema\/person\/4b9b1d857f0943453a38a7c2859ef756\",\"name\":\"Philippe.Pierquin\",\"url\":\"https:\/\/w-l-c.be\/fr\/author\/philippe-pierquin\/\"}]}<\/script>\n<!-- \/ Yoast SEO plugin. -->","yoast_head_json":{"title":"Le FIFF \u00e0 la t\u00e9l\u00e9, c\u2019est Tout Court - w-l-c","robots":{"index":"noindex","follow":"follow","max-snippet":"max-snippet:-1","max-image-preview":"max-image-preview:large","max-video-preview":"max-video-preview:-1"},"og_locale":"fr_FR","og_type":"article","og_title":"Le FIFF \u00e0 la t\u00e9l\u00e9, c\u2019est Tout Court - w-l-c","og_description":"Le FIFF namurois bat son plein et Tout Court propose tout naturellement trois films pr\u00e9sent\u00e9s l\u2019an dernier dans la capitale wallonne. Pas d\u2019in\u00e9dit au menu, mais une petite perle produite par les Fr\u00e8res Dardenne (et donc Delphine Tomson), le vainqueur du premier Magritte du court m\u00e9trage d\u2019animation en 2016 et le film qui a d\u00e9croch\u00e9 &hellip;","og_url":"https:\/\/w-l-c.be\/fr\/le-fiff-a-la-tele-cest-tout-court\/","og_site_name":"w-l-c","article_published_time":"2016-10-04T06:14:54+00:00","og_image":[{"width":719,"height":400,"url":"https:\/\/w-l-c.be\/wp-content\/uploads\/2016\/10\/hidden4.png","type":"image\/png"}],"author":"Philippe.Pierquin","twitter_card":"summary_large_image","twitter_misc":{"\u00c9crit par":"Philippe.Pierquin","Dur\u00e9e de lecture estim\u00e9e":"2 minutes"},"schema":{"@context":"https:\/\/schema.org","@graph":[{"@type":"WebPage","@id":"https:\/\/w-l-c.be\/fr\/le-fiff-a-la-tele-cest-tout-court\/","url":"https:\/\/w-l-c.be\/fr\/le-fiff-a-la-tele-cest-tout-court\/","name":"Le FIFF \u00e0 la t\u00e9l\u00e9, c\u2019est Tout Court - w-l-c","isPartOf":{"@id":"https:\/\/w-l-c.be\/fr\/#website"},"datePublished":"2016-10-04T06:14:54+00:00","dateModified":"2016-10-04T06:14:54+00:00","author":{"@id":"https:\/\/w-l-c.be\/fr\/#\/schema\/person\/4b9b1d857f0943453a38a7c2859ef756"},"breadcrumb":{"@id":"https:\/\/w-l-c.be\/fr\/le-fiff-a-la-tele-cest-tout-court\/#breadcrumb"},"inLanguage":"fr-FR","potentialAction":[{"@type":"ReadAction","target":["https:\/\/w-l-c.be\/fr\/le-fiff-a-la-tele-cest-tout-court\/"]}]},{"@type":"BreadcrumbList","@id":"https:\/\/w-l-c.be\/fr\/le-fiff-a-la-tele-cest-tout-court\/#breadcrumb","itemListElement":[{"@type":"ListItem","position":1,"name":"Accueil","item":"https:\/\/w-l-c.be\/fr\/"},{"@type":"ListItem","position":2,"name":"Le FIFF \u00e0 la t\u00e9l\u00e9, c\u2019est Tout Court"}]},{"@type":"WebSite","@id":"https:\/\/w-l-c.be\/fr\/#website","url":"https:\/\/w-l-c.be\/fr\/","name":"w-l-c","description":"Le cin\u00e9ma vu par les belges","potentialAction":[{"@type":"SearchAction","target":{"@type":"EntryPoint","urlTemplate":"https:\/\/w-l-c.be\/fr\/?s={search_term_string}"},"query-input":"required name=search_term_string"}],"inLanguage":"fr-FR"},{"@type":"Person","@id":"https:\/\/w-l-c.be\/fr\/#\/schema\/person\/4b9b1d857f0943453a38a7c2859ef756","name":"Philippe.Pierquin","url":"https:\/\/w-l-c.be\/fr\/author\/philippe-pierquin\/"}]}},"_links":{"self":[{"href":"https:\/\/w-l-c.be\/fr\/wp-json\/wp\/v2\/posts\/91262","targetHints":{"allow":["GET"]}}],"collection":[{"href":"https:\/\/w-l-c.be\/fr\/wp-json\/wp\/v2\/posts"}],"about":[{"href":"https:\/\/w-l-c.be\/fr\/wp-json\/wp\/v2\/types\/post"}],"author":[{"embeddable":true,"href":"https:\/\/w-l-c.be\/fr\/wp-json\/wp\/v2\/users\/7"}],"replies":[{"embeddable":true,"href":"https:\/\/w-l-c.be\/fr\/wp-json\/wp\/v2\/comments?post=91262"}],"version-history":[{"count":0,"href":"https:\/\/w-l-c.be\/fr\/wp-json\/wp\/v2\/posts\/91262\/revisions"}],"wp:featuredmedia":[{"embeddable":true,"href":"https:\/\/w-l-c.be\/fr\/wp-json\/wp\/v2\/media\/91268"}],"wp:attachment":[{"href":"https:\/\/w-l-c.be\/fr\/wp-json\/wp\/v2\/media?parent=91262"}],"wp:term":[{"taxonomy":"category","embeddable":true,"href":"https:\/\/w-l-c.be\/fr\/wp-json\/wp\/v2\/categories?post=91262"},{"taxonomy":"post_tag","embeddable":true,"href":"https:\/\/w-l-c.be\/fr\/wp-json\/wp\/v2\/tags?post=91262"}],"curies":[{"name":"wp","href":"https:\/\/api.w.org\/{rel}","templated":true}]}}