
{"id":91323,"date":"2016-10-05T07:21:19","date_gmt":"2016-10-05T05:21:19","guid":{"rendered":"http:\/\/www.cinevox.be\/?p=91323"},"modified":"2017-05-16T19:48:28","modified_gmt":"2017-05-16T17:48:28","slug":"pour-faire-court-22","status":"publish","type":"post","link":"https:\/\/w-l-c.be\/fr\/pour-faire-court-22\/","title":{"rendered":"Pour faire court\u2026 (2\/2)"},"content":{"rendered":"<p>On l\u2019a dit hier\u00a0: la s\u00e9lection de courts m\u00e9trages propos\u00e9e au FIFF, m\u00eame l\u00e9g\u00e8rement r\u00e9duite par rapport au programme gargantuesque de l\u2019an dernier, est plus que roborative. Nous avons donc partag\u00e9 notre revue subjective des films en six sections r\u00e9parties sur deux articles. La premi\u00e8re a \u00e9t\u00e9 pr\u00e9sent\u00e9e <a href=\"http:\/\/www.cinevox.be\/?p=91301\">ICI<\/a>. Aujourd\u2019hui, nous nous concentrerons sur les films d\u2019\u00e9cole, l\u2019anime et les docus, des sections bourr\u00e9es de courts m\u00e9trages bouillonnants, \u00e9clectiques et prometteurs.<\/p>\n<p>Bonne chance au jury pour tenter de trouver un consensus sur les prix \u00e0 attribuer.<!--more--><\/p>\n<p>&nbsp;<\/p>\n<p>&nbsp;<\/p>\n<h2>LES FILMS D\u2019\u00c9COLE<\/h2>\n<p>&nbsp;<\/p>\n<p>La s\u00e9lection du FIFF fait chaque ann\u00e9e la part belle aux films d\u2019\u00e9coles, qu\u2019ils soient de fin d\u2019\u00e9tudes ou travaux interm\u00e9diaires. L\u2019Inraci, l\u2019IAD, l\u2019INSAS, la Cambre et Albert Jacquard (on parlera de ces deux derniers dans la rubrique anime), ont donc \u00a0\u00e0 nouveau eu les honneurs du grand \u00e9cran ce dimanche.<\/p>\n<p>&nbsp;<\/p>\n<p><a href=\"http:\/\/www.cinevox.be\/wp-content\/uploads\/2016\/10\/patin.png\"><img loading=\"lazy\" decoding=\"async\" class=\"aligncenter size-large wp-image-91325\" src=\"http:\/\/www.cinevox.be\/wp-content\/uploads\/2016\/10\/patin-800x451.png\" alt=\"\" width=\"640\" height=\"360\" srcset=\"https:\/\/w-l-c.be\/wp-content\/uploads\/2016\/10\/patin-800x451.png 800w, https:\/\/w-l-c.be\/wp-content\/uploads\/2016\/10\/patin-200x113.png 200w, https:\/\/w-l-c.be\/wp-content\/uploads\/2016\/10\/patin-478x270.png 478w, https:\/\/w-l-c.be\/wp-content\/uploads\/2016\/10\/patin-480x270.png 480w, https:\/\/w-l-c.be\/wp-content\/uploads\/2016\/10\/patin-300x169.png 300w, https:\/\/w-l-c.be\/wp-content\/uploads\/2016\/10\/patin-620x350.png 620w, https:\/\/w-l-c.be\/wp-content\/uploads\/2016\/10\/patin.png 841w\" sizes=\"auto, (max-width: 640px) 100vw, 640px\" \/><\/a><\/p>\n<p>&nbsp;<\/p>\n<p>Une tr\u00e8s bonne s\u00e9lection qui, si elle ne nous a pas permis de d\u00e9couvrir le nouveau <em>Welkom<\/em> nous a quand m\u00eame bien divertis.<\/p>\n<p>Notre petit pr\u00e9f\u00e9r\u00e9 est sans doute <em>Le Patin<\/em> de Faustine Crespy (Insas), r\u00e9flexion amusante sur le passage du fantasme \u00e0 l\u2019acte\u00a0; pudique, touchant et servi par un tr\u00e8s chouette duo de com\u00e9diens (Marouan Iddoub, Egon Di Mateo).<br \/>\nDans ce classement totalement subjectif, on \u00e9pinglera \u00e9galement le tandem f\u00e9minin compos\u00e9 de Prunelle Rulens et Louise Manteau, excellentes dans <em>Maxime et Marie<\/em> (IAD)\u00a0 sous la houlette de Nikita Trocki et l\u2019\u00e9mouvant <em>les dauphines<\/em> (IAD) de Juliette Klinke o\u00f9 une maman emm\u00e8ne ses fillettes \u00e0 un improbable concours de (little) miss (sunshine) parce qu\u2019elle a sous-lou\u00e9 leur appartement pour le week-end.<\/p>\n<p>&nbsp;<\/p>\n<p><a href=\"http:\/\/www.cinevox.be\/wp-content\/uploads\/2016\/10\/lulu.png\"><img loading=\"lazy\" decoding=\"async\" class=\"aligncenter size-large wp-image-91330\" src=\"http:\/\/www.cinevox.be\/wp-content\/uploads\/2016\/10\/lulu-800x463.png\" alt=\"\" width=\"640\" height=\"370\" srcset=\"https:\/\/w-l-c.be\/wp-content\/uploads\/2016\/10\/lulu-800x463.png 800w, https:\/\/w-l-c.be\/wp-content\/uploads\/2016\/10\/lulu-465x270.png 465w, https:\/\/w-l-c.be\/wp-content\/uploads\/2016\/10\/lulu.png 845w\" sizes=\"auto, (max-width: 640px) 100vw, 640px\" \/><\/a><br \/>\n<em>Lulu,<\/em> r\u00e9alis\u00e9 en tandem par Michiel Blanchart (le chef op de <em>Nous Quatre<\/em>) et Louise Dendra\u00ebn (qui est aussi devant la cam\u00e9ra), est un joli petit film un peu vache autour d\u2019un trio\u00a0: la nana, son ex, et la nouvelle copine de l\u2019ex. Ou comment plomber une relation avec un pot de couleur framboise. Et beaucoup de mauvaise foi.<\/p>\n<p>&nbsp;<\/p>\n<p>On a enfin retrouv\u00e9 avec curiosit\u00e9 en comp\u00e8te Thomas Xhignesse qui nous avait \u00e9pat\u00e9 l\u2019an dernier avec son hilarant <em>Nelson.<\/em> <em>Jolis m\u00f4mes<\/em> (IAD) s\u2019inscrit dans la continuit\u00e9 de ce court avec la d\u00e9couverte par un tr\u00e8s jeune ado des plaisirs de la chair lors d\u2019un cambriolage un peu improvis\u00e9. Immoral\u00a0? Oui, plut\u00f4t \u2026<\/p>\n<p>&nbsp;<\/p>\n<p>&nbsp;<\/p>\n<h2>\u00c7A S\u2019ANIME<\/h2>\n<p>&nbsp;<\/p>\n<p>L\u2019animation constitue toujours un volet important de la s\u00e9lection des courts au FIFF avec la particularit\u00e9 \u00e9patante d\u2019\u00eatre tellement diversifi\u00e9e qu\u2019elle ne peut jamais lasser. D\u2019autant que les films choisis cette ann\u00e9e \u00e9taient top niveau.<\/p>\n<p>Parmi eux, trois films \u00ab\u00a0pro\u00a0\u00bb.<\/p>\n<p>&nbsp;<\/p>\n<p><a href=\"http:\/\/www.cinevox.be\/wp-content\/uploads\/2016\/10\/classes.png\"><img loading=\"lazy\" decoding=\"async\" class=\"aligncenter size-large wp-image-91326\" src=\"http:\/\/www.cinevox.be\/wp-content\/uploads\/2016\/10\/classes-800x440.png\" alt=\"\" width=\"640\" height=\"352\" srcset=\"https:\/\/w-l-c.be\/wp-content\/uploads\/2016\/10\/classes-800x440.png 800w, https:\/\/w-l-c.be\/wp-content\/uploads\/2016\/10\/classes-480x264.png 480w, https:\/\/w-l-c.be\/wp-content\/uploads\/2016\/10\/classes.png 880w\" sizes=\"auto, (max-width: 640px) 100vw, 640px\" \/><\/a><br \/>\n<em>La rentr\u00e9e des classes<\/em> (Panique) est le nouvel \u00e9pisode des aventures de Cowboy, Indien et Cheval, \u00e9videmment sign\u00e9 par Patar et Aubier. Dans la lign\u00e9e, de <em>la B\u00fbche de No\u00ebl,<\/em> quoiqu\u2019encore un peu plus d\u00e9lirant peut-\u00eatre, cette sucrerie bien piment\u00e9e a d\u00e9rid\u00e9 l\u2019assembl\u00e9e provoquant de nombreux \u00e9clats de rire. Le meilleur de la s\u00e9rie\u00a0? Pas impossible.<\/p>\n<p>&nbsp;<\/p>\n<p>Dans un tout autre domaine, extr\u00eamement provocateur par son discours qui, d\u00e9marrant en prenant son sujet \u00e0 la lettre d\u00e9vie progressivement vers une fort int\u00e9ressante (et agressive) analyse soci\u00e9tale, <em>Pornography <\/em>(Got\u00a0! Oh my got\u00a0!) n\u2019\u00e9lude pas les images-chocs. On y discute donc de la place de la pornographie telle qu\u2019on la con\u00e7oit habituellement avant de se poser la question des rep\u00e8res d\u2019une soci\u00e9t\u00e9 qui selon l\u2019auteur n\u2019a pas besoin du sexe pour \u00eatre obsc\u00e8ne. Une brillante d\u00e9monstration, divertissante et mise en images de fa\u00e7on tr\u00e8s spectaculaire par Erice Ledune (la photo d&rsquo;ouverture est tir\u00e9e de ce film).<\/p>\n<p>&nbsp;<\/p>\n<p><a href=\"http:\/\/www.cinevox.be\/wp-content\/uploads\/2016\/10\/totems.png\"><img loading=\"lazy\" decoding=\"async\" class=\"aligncenter size-large wp-image-91333\" src=\"http:\/\/www.cinevox.be\/wp-content\/uploads\/2016\/10\/totems-800x452.png\" alt=\"\" width=\"640\" height=\"361\" srcset=\"https:\/\/w-l-c.be\/wp-content\/uploads\/2016\/10\/totems-800x452.png 800w, https:\/\/w-l-c.be\/wp-content\/uploads\/2016\/10\/totems-200x113.png 200w, https:\/\/w-l-c.be\/wp-content\/uploads\/2016\/10\/totems-477x270.png 477w, https:\/\/w-l-c.be\/wp-content\/uploads\/2016\/10\/totems-480x270.png 480w, https:\/\/w-l-c.be\/wp-content\/uploads\/2016\/10\/totems-300x169.png 300w, https:\/\/w-l-c.be\/wp-content\/uploads\/2016\/10\/totems-620x350.png 620w, https:\/\/w-l-c.be\/wp-content\/uploads\/2016\/10\/totems.png 879w\" sizes=\"auto, (max-width: 640px) 100vw, 640px\" \/><\/a><\/p>\n<p>&nbsp;<\/p>\n<p>Sous l\u2019\u00e9gide d\u2019Arnaud Demuynck, Paul Jadoul a r\u00e9alis\u00e9 <em>Totems <\/em>dont le style graphique peut \u00e9voquer son producteur. L\u2019histoire est assez \u00e9pouvantable puisqu\u2019un b\u00fbcheron se retrouve coinc\u00e9 sous le gigantesque arbre qu\u2019il a abattu. Il n\u2019a aucun moyen d\u2019\u00e9chapper au pi\u00e8ge. M\u00eame la tron\u00e7onneuse est hors de port\u00e9e\u00a0: il ne pourra donc pas se couper la jambe pour tenter de survivre. Cruel et inventif. Po\u00e9tique aussi. Mais cruel quand m\u00eame\u2026<\/p>\n<p>&nbsp;<\/p>\n<p><a href=\"http:\/\/www.cinevox.be\/wp-content\/uploads\/2016\/10\/kwek.png\"><img loading=\"lazy\" decoding=\"async\" class=\"aligncenter size-large wp-image-91329\" src=\"http:\/\/www.cinevox.be\/wp-content\/uploads\/2016\/10\/kwek-800x468.png\" alt=\"\" width=\"640\" height=\"374\" srcset=\"https:\/\/w-l-c.be\/wp-content\/uploads\/2016\/10\/kwek-800x468.png 800w, https:\/\/w-l-c.be\/wp-content\/uploads\/2016\/10\/kwek-460x270.png 460w, https:\/\/w-l-c.be\/wp-content\/uploads\/2016\/10\/kwek.png 841w\" sizes=\"auto, (max-width: 640px) 100vw, 640px\" \/><\/a><\/p>\n<p>&nbsp;<\/p>\n<p>R\u00e9alis\u00e9 \u00e0 la Haute \u00e9cole Albert Jacquart par le jeune Martin Colas\u00a0: <em>Kwek<\/em> est le film le plus court de la s\u00e9lection. Mais quel feu d\u2019artifice\u00a0! Un gag par s\u00e9quence, une imagination d\u00e9lirante et un twist en apoth\u00e9ose. Un d\u00e9lice pour les zygomatiques ! On attend la suite avec une vraie impatience. Grand talent ici\u00a0!<\/p>\n<p>Beaucoup plus trash, mais non moins hilarant <em>Steven goes to the park<\/em> de Claudia Cort\u00e9s Espejo (La Cambre) a une personnalit\u00e9 folle\u00a0: le graphisme, le ton et l\u2019insolence de ce court m\u00e9trage \u00e0 tiroirs est un pur r\u00e9gal qui s\u2019offre une mise en abyme d\u00e9capante en guise de final. Jouissif\u00a0!<\/p>\n<p>&nbsp;<\/p>\n<p>\u00c0 l\u2018autre bout du spectre de l\u2019animation, <em>Pour une poign\u00e9e de Girolles<\/em> de Julien Grande (la Cambre) pr\u00e9sente un univers tout en douceur fa\u00e7on <em>Ernest et C\u00e9lestine <\/em>pour une jolie histoire rurale qui \u00e9voque la BD Jojo. Dr\u00f4le, gentil, pr\u00e9cieux.<\/p>\n<p>&nbsp;<\/p>\n<p>&nbsp;<\/p>\n<h2>LES DOCUS<\/h2>\n<p>&nbsp;<\/p>\n<p>La derni\u00e8re grande cat\u00e9gorie propos\u00e9e dans cette s\u00e9lection de courts m\u00e9trages est le docu. Des docus d\u2019ambiance qui s\u2019attachent \u00e0 des personnages, de tr\u00e8s pr\u00e8s souvent\u2026 ou de plus loin comme dans <em>Corps<\/em> o\u00f9 Benjamin D\u2019Aoust, complice habituel de Matthieu Donck, filme une prison\u2026 depuis sa terrasse. Un document en plans fixes qui joue sur une bande-son foisonnante, reflet d\u2019une vie sauvage et d\u2019un violent d\u00e9sespoir dont les voisins du b\u00e2timent sont les t\u00e9moins perp\u00e9tuels et impuissants.<\/p>\n<p>&nbsp;<\/p>\n<p><a href=\"http:\/\/www.cinevox.be\/wp-content\/uploads\/2016\/10\/saison-silence.png\"><img loading=\"lazy\" decoding=\"async\" class=\"aligncenter size-large wp-image-91328\" src=\"http:\/\/www.cinevox.be\/wp-content\/uploads\/2016\/10\/saison-silence-800x397.png\" alt=\"\" width=\"640\" height=\"317\" srcset=\"https:\/\/w-l-c.be\/wp-content\/uploads\/2016\/10\/saison-silence-800x397.png 800w, https:\/\/w-l-c.be\/wp-content\/uploads\/2016\/10\/saison-silence-480x238.png 480w, https:\/\/w-l-c.be\/wp-content\/uploads\/2016\/10\/saison-silence.png 896w\" sizes=\"auto, (max-width: 640px) 100vw, 640px\" \/><\/a><\/p>\n<p>\u00c0 l\u2019oppos\u00e9 de ce film plein de fureurs et de bruits, <em>La saison du silence<\/em> de Tizian B\u00fcchi (IAD) nous emm\u00e8ne en Suisse au c\u0153ur de l\u2019hiver dans un petit village isol\u00e9, sur les traces de Max, un paysan du Haut-Jura. Le r\u00e9alisateur lui colle aux basques privil\u00e9giant les atmosph\u00e8res rurales, paisibles et les moments intimes emprunt\u00e9s \u00e0 cet homme simple menant une existence rude et assez solitaire.<\/p>\n<p>&nbsp;<\/p>\n<p>Sur un principe proche, pour un r\u00e9sultat tr\u00e8s diff\u00e9rent, Alice Khol piste sa s\u0153ur, C\u00e9cile, infirmi\u00e8re dans la campagne bordelaise. Chaque jour les m\u00eames visites, chaque jour les m\u00eames patients qu\u2019elle soigne avec attention et beaucoup d&rsquo;humanit\u00e9, apportant \u00e0 chacun de ces passages un peu de lumi\u00e8re dans les longues journ\u00e9es de ces personnes en d\u00e9licatesse avec la vie. <em>Cure<\/em> est un t\u00e9moignage pudique sur une r\u00e9alit\u00e9 difficile et largement m\u00e9connue qui dessine en creux le portrait d\u2018une soci\u00e9t\u00e9 qui a une f\u00e2cheuse tendance \u00e0 oublier ses a\u00een\u00e9s et les \u00eatres plus fragiles.<\/p>\n<p>&nbsp;<\/p>\n<p>Dans le cadre d\u2019un programme d\u2019\u00e9change mis en place par l\u2019INSAS, c\u2019est en Pologne que L\u00e9opold Legrand a plant\u00e9 sa cam\u00e9ra pour suivre<em> Angelika<\/em>, une fillette tr\u00e8s dr\u00f4le et pleine de peps, vivant dans un orphelinat triste. La fillette a sans doute vu des choses terribles dans sa jeune vie, mais elle esquive le d\u00e9bat en blaguant et en se r\u00e9fugiant dans les poses et des jeux de son \u00e2ge. Dur et touchant.<\/p>\n<p>&nbsp;<\/p>\n<p><a href=\"http:\/\/www.cinevox.be\/wp-content\/uploads\/2016\/10\/xy.png\"><img loading=\"lazy\" decoding=\"async\" class=\"aligncenter size-large wp-image-91327\" src=\"http:\/\/www.cinevox.be\/wp-content\/uploads\/2016\/10\/xy-800x448.png\" alt=\"\" width=\"640\" height=\"358\" srcset=\"https:\/\/w-l-c.be\/wp-content\/uploads\/2016\/10\/xy-800x448.png 800w, https:\/\/w-l-c.be\/wp-content\/uploads\/2016\/10\/xy-200x113.png 200w, https:\/\/w-l-c.be\/wp-content\/uploads\/2016\/10\/xy-480x270.png 480w, https:\/\/w-l-c.be\/wp-content\/uploads\/2016\/10\/xy-300x169.png 300w, https:\/\/w-l-c.be\/wp-content\/uploads\/2016\/10\/xy.png 891w\" sizes=\"auto, (max-width: 640px) 100vw, 640px\" \/><\/a><\/p>\n<p>Le dernier doc est atypique. Pour <em>XY<\/em> (Inraci) Justine Gramme a install\u00e9 devant son objectif une s\u00e9rie de jeunes interlocuteurs masculins, seuls ou en duo qui r\u00e9pondent \u00e0 ses questions innocemment perfides et livrent leur vision de la femme, de ses sp\u00e9cificit\u00e9s, de sa place dans la soci\u00e9t\u00e9. Les interrogations judicieusement encha\u00een\u00e9es confrontent sans cesse ses invit\u00e9s \u00e0 leurs contradictions pour un r\u00e9sultat dont on ne sait pas trop s\u2019il est tr\u00e8s dr\u00f4le ou consternant.<\/p>\n<p>Un film fort instructif pour mesurer le chemin qui reste \u00e0 accomplir avant que notre soci\u00e9t\u00e9 sorte enfin des pr\u00e9jug\u00e9s grotesques qui la paralysent.<\/p>\n<p>&nbsp;<\/p>\n<p>&nbsp;<\/p>\n","protected":false},"excerpt":{"rendered":"<p>On l\u2019a dit hier\u00a0: la s\u00e9lection de courts m\u00e9trages propos\u00e9e au FIFF, m\u00eame l\u00e9g\u00e8rement r\u00e9duite par rapport au programme gargantuesque de l\u2019an dernier, est plus que roborative. Nous avons donc partag\u00e9 notre revue subjective des films en six sections r\u00e9parties sur deux articles. La premi\u00e8re a \u00e9t\u00e9 pr\u00e9sent\u00e9e ICI. Aujourd\u2019hui, nous nous concentrerons sur les &hellip;<\/p>\n","protected":false},"author":7,"featured_media":91332,"comment_status":"closed","ping_status":"closed","sticky":false,"template":"","format":"standard","meta":{"ngg_post_thumbnail":0,"footnotes":""},"categories":[1923,12],"tags":[],"class_list":["post-91323","post","type-post","status-publish","format-standard","has-post-thumbnail","","category-en-bref","category-awards"],"yoast_head":"<!-- This site is optimized with the Yoast SEO plugin v20.4 - https:\/\/yoast.com\/wordpress\/plugins\/seo\/ -->\n<title>Pour faire court\u2026 (2\/2) - w-l-c<\/title>\n<meta name=\"robots\" content=\"noindex, follow, max-snippet:-1, max-image-preview:large, max-video-preview:-1\" \/>\n<meta property=\"og:locale\" content=\"fr_FR\" \/>\n<meta property=\"og:type\" content=\"article\" \/>\n<meta property=\"og:title\" content=\"Pour faire court\u2026 (2\/2) - w-l-c\" \/>\n<meta property=\"og:description\" content=\"On l\u2019a dit hier\u00a0: la s\u00e9lection de courts m\u00e9trages propos\u00e9e au FIFF, m\u00eame l\u00e9g\u00e8rement r\u00e9duite par rapport au programme gargantuesque de l\u2019an dernier, est plus que roborative. Nous avons donc partag\u00e9 notre revue subjective des films en six sections r\u00e9parties sur deux articles. La premi\u00e8re a \u00e9t\u00e9 pr\u00e9sent\u00e9e ICI. Aujourd\u2019hui, nous nous concentrerons sur les &hellip;\" \/>\n<meta property=\"og:url\" content=\"https:\/\/w-l-c.be\/fr\/pour-faire-court-22\/\" \/>\n<meta property=\"og:site_name\" content=\"w-l-c\" \/>\n<meta property=\"article:published_time\" content=\"2016-10-05T05:21:19+00:00\" \/>\n<meta property=\"article:modified_time\" content=\"2017-05-16T17:48:28+00:00\" \/>\n<meta property=\"og:image\" content=\"https:\/\/w-l-c.be\/wp-content\/uploads\/2016\/10\/pornography.png\" \/>\n\t<meta property=\"og:image:width\" content=\"901\" \/>\n\t<meta property=\"og:image:height\" content=\"500\" \/>\n\t<meta property=\"og:image:type\" content=\"image\/png\" \/>\n<meta name=\"author\" content=\"Philippe.Pierquin\" \/>\n<meta name=\"twitter:card\" content=\"summary_large_image\" \/>\n<meta name=\"twitter:label1\" content=\"\u00c9crit par\" \/>\n\t<meta name=\"twitter:data1\" content=\"Philippe.Pierquin\" \/>\n\t<meta name=\"twitter:label2\" content=\"Dur\u00e9e de lecture estim\u00e9e\" \/>\n\t<meta name=\"twitter:data2\" content=\"7 minutes\" \/>\n<script type=\"application\/ld+json\" class=\"yoast-schema-graph\">{\"@context\":\"https:\/\/schema.org\",\"@graph\":[{\"@type\":\"WebPage\",\"@id\":\"https:\/\/w-l-c.be\/fr\/pour-faire-court-22\/\",\"url\":\"https:\/\/w-l-c.be\/fr\/pour-faire-court-22\/\",\"name\":\"Pour faire court\u2026 (2\/2) - w-l-c\",\"isPartOf\":{\"@id\":\"https:\/\/w-l-c.be\/fr\/#website\"},\"datePublished\":\"2016-10-05T05:21:19+00:00\",\"dateModified\":\"2017-05-16T17:48:28+00:00\",\"author\":{\"@id\":\"https:\/\/w-l-c.be\/fr\/#\/schema\/person\/4b9b1d857f0943453a38a7c2859ef756\"},\"breadcrumb\":{\"@id\":\"https:\/\/w-l-c.be\/fr\/pour-faire-court-22\/#breadcrumb\"},\"inLanguage\":\"fr-FR\",\"potentialAction\":[{\"@type\":\"ReadAction\",\"target\":[\"https:\/\/w-l-c.be\/fr\/pour-faire-court-22\/\"]}]},{\"@type\":\"BreadcrumbList\",\"@id\":\"https:\/\/w-l-c.be\/fr\/pour-faire-court-22\/#breadcrumb\",\"itemListElement\":[{\"@type\":\"ListItem\",\"position\":1,\"name\":\"Accueil\",\"item\":\"https:\/\/w-l-c.be\/fr\/\"},{\"@type\":\"ListItem\",\"position\":2,\"name\":\"Pour faire court\u2026 (2\/2)\"}]},{\"@type\":\"WebSite\",\"@id\":\"https:\/\/w-l-c.be\/fr\/#website\",\"url\":\"https:\/\/w-l-c.be\/fr\/\",\"name\":\"w-l-c\",\"description\":\"Le cin\u00e9ma vu par les belges\",\"potentialAction\":[{\"@type\":\"SearchAction\",\"target\":{\"@type\":\"EntryPoint\",\"urlTemplate\":\"https:\/\/w-l-c.be\/fr\/?s={search_term_string}\"},\"query-input\":\"required name=search_term_string\"}],\"inLanguage\":\"fr-FR\"},{\"@type\":\"Person\",\"@id\":\"https:\/\/w-l-c.be\/fr\/#\/schema\/person\/4b9b1d857f0943453a38a7c2859ef756\",\"name\":\"Philippe.Pierquin\",\"url\":\"https:\/\/w-l-c.be\/fr\/author\/philippe-pierquin\/\"}]}<\/script>\n<!-- \/ Yoast SEO plugin. -->","yoast_head_json":{"title":"Pour faire court\u2026 (2\/2) - w-l-c","robots":{"index":"noindex","follow":"follow","max-snippet":"max-snippet:-1","max-image-preview":"max-image-preview:large","max-video-preview":"max-video-preview:-1"},"og_locale":"fr_FR","og_type":"article","og_title":"Pour faire court\u2026 (2\/2) - w-l-c","og_description":"On l\u2019a dit hier\u00a0: la s\u00e9lection de courts m\u00e9trages propos\u00e9e au FIFF, m\u00eame l\u00e9g\u00e8rement r\u00e9duite par rapport au programme gargantuesque de l\u2019an dernier, est plus que roborative. Nous avons donc partag\u00e9 notre revue subjective des films en six sections r\u00e9parties sur deux articles. La premi\u00e8re a \u00e9t\u00e9 pr\u00e9sent\u00e9e ICI. Aujourd\u2019hui, nous nous concentrerons sur les &hellip;","og_url":"https:\/\/w-l-c.be\/fr\/pour-faire-court-22\/","og_site_name":"w-l-c","article_published_time":"2016-10-05T05:21:19+00:00","article_modified_time":"2017-05-16T17:48:28+00:00","og_image":[{"width":901,"height":500,"url":"https:\/\/w-l-c.be\/wp-content\/uploads\/2016\/10\/pornography.png","type":"image\/png"}],"author":"Philippe.Pierquin","twitter_card":"summary_large_image","twitter_misc":{"\u00c9crit par":"Philippe.Pierquin","Dur\u00e9e de lecture estim\u00e9e":"7 minutes"},"schema":{"@context":"https:\/\/schema.org","@graph":[{"@type":"WebPage","@id":"https:\/\/w-l-c.be\/fr\/pour-faire-court-22\/","url":"https:\/\/w-l-c.be\/fr\/pour-faire-court-22\/","name":"Pour faire court\u2026 (2\/2) - w-l-c","isPartOf":{"@id":"https:\/\/w-l-c.be\/fr\/#website"},"datePublished":"2016-10-05T05:21:19+00:00","dateModified":"2017-05-16T17:48:28+00:00","author":{"@id":"https:\/\/w-l-c.be\/fr\/#\/schema\/person\/4b9b1d857f0943453a38a7c2859ef756"},"breadcrumb":{"@id":"https:\/\/w-l-c.be\/fr\/pour-faire-court-22\/#breadcrumb"},"inLanguage":"fr-FR","potentialAction":[{"@type":"ReadAction","target":["https:\/\/w-l-c.be\/fr\/pour-faire-court-22\/"]}]},{"@type":"BreadcrumbList","@id":"https:\/\/w-l-c.be\/fr\/pour-faire-court-22\/#breadcrumb","itemListElement":[{"@type":"ListItem","position":1,"name":"Accueil","item":"https:\/\/w-l-c.be\/fr\/"},{"@type":"ListItem","position":2,"name":"Pour faire court\u2026 (2\/2)"}]},{"@type":"WebSite","@id":"https:\/\/w-l-c.be\/fr\/#website","url":"https:\/\/w-l-c.be\/fr\/","name":"w-l-c","description":"Le cin\u00e9ma vu par les belges","potentialAction":[{"@type":"SearchAction","target":{"@type":"EntryPoint","urlTemplate":"https:\/\/w-l-c.be\/fr\/?s={search_term_string}"},"query-input":"required name=search_term_string"}],"inLanguage":"fr-FR"},{"@type":"Person","@id":"https:\/\/w-l-c.be\/fr\/#\/schema\/person\/4b9b1d857f0943453a38a7c2859ef756","name":"Philippe.Pierquin","url":"https:\/\/w-l-c.be\/fr\/author\/philippe-pierquin\/"}]}},"_links":{"self":[{"href":"https:\/\/w-l-c.be\/fr\/wp-json\/wp\/v2\/posts\/91323","targetHints":{"allow":["GET"]}}],"collection":[{"href":"https:\/\/w-l-c.be\/fr\/wp-json\/wp\/v2\/posts"}],"about":[{"href":"https:\/\/w-l-c.be\/fr\/wp-json\/wp\/v2\/types\/post"}],"author":[{"embeddable":true,"href":"https:\/\/w-l-c.be\/fr\/wp-json\/wp\/v2\/users\/7"}],"replies":[{"embeddable":true,"href":"https:\/\/w-l-c.be\/fr\/wp-json\/wp\/v2\/comments?post=91323"}],"version-history":[{"count":0,"href":"https:\/\/w-l-c.be\/fr\/wp-json\/wp\/v2\/posts\/91323\/revisions"}],"wp:featuredmedia":[{"embeddable":true,"href":"https:\/\/w-l-c.be\/fr\/wp-json\/wp\/v2\/media\/91332"}],"wp:attachment":[{"href":"https:\/\/w-l-c.be\/fr\/wp-json\/wp\/v2\/media?parent=91323"}],"wp:term":[{"taxonomy":"category","embeddable":true,"href":"https:\/\/w-l-c.be\/fr\/wp-json\/wp\/v2\/categories?post=91323"},{"taxonomy":"post_tag","embeddable":true,"href":"https:\/\/w-l-c.be\/fr\/wp-json\/wp\/v2\/tags?post=91323"}],"curies":[{"name":"wp","href":"https:\/\/api.w.org\/{rel}","templated":true}]}}