
{"id":91365,"date":"2016-10-05T10:35:45","date_gmt":"2016-10-05T08:35:45","guid":{"rendered":"http:\/\/www.cinevox.be\/?p=91365"},"modified":"2017-05-16T19:48:27","modified_gmt":"2017-05-16T17:48:27","slug":"noces-deux-mondes","status":"publish","type":"post","link":"https:\/\/w-l-c.be\/fr\/noces-deux-mondes\/","title":{"rendered":"Noces\u00a0: deux mondes\u2026"},"content":{"rendered":"<p>\u00c0 l\u2019occasion de la traditionnelle soir\u00e9e de la F\u00e9d\u00e9ration Wallonie-Bruxelles et de la RTBF organis\u00e9e mardi au FIFF, un public fourni et attentif, r\u00e9parti sur plusieurs salles, attendait avec impatience la Premi\u00e8re belge de Noces, troisi\u00e8me long m\u00e9trage de Stephan Streker.<\/p>\n<p>Peu d\u2019informations avaient filtr\u00e9 avant cette projection. La plupart des spectateurs savaient juste qu\u2019ils seraient confront\u00e9s \u00e0 un drame poignant, d\u00e9j\u00e0 r\u00e9compens\u00e9 \u00e0 Angoul\u00eame (double prix d\u2019interpr\u00e9tation).<!--more--><\/p>\n<p>&nbsp;<\/p>\n<p>&nbsp;<\/p>\n<p>\u00c0 l\u2019issue de la projection, les avis \u00e9taient pourtant assez unanimes, allant de la franche approbation \u00e0 la congratulation. Un verdict l\u00e9gitime tant le travail du r\u00e9alisateur, de ses acteurs et de son \u00e9quipe est ici impressionnant.<\/p>\n<p>&nbsp;<\/p>\n<p>&nbsp;<\/p>\n<p>Zahira, 18 ans, est tr\u00e8s proche de chacun des membres de sa famille jusqu&rsquo;au jour o\u00f9 on lui impose un mariage selon la tradition pakistanaise. \u00c9cartel\u00e9e entre les exigences de ses parents, son mode de vie occidental et ses aspirations de libert\u00e9, la jeune fille compte sur l\u2019aide de son fr\u00e8re a\u00een\u00e9 et confident, Amir.<\/p>\n<p>&nbsp;<\/p>\n<p>Inspir\u00e9 d\u2019une histoire vraie, le troisi\u00e8me long m\u00e9trage de St\u00e9phane Streker n\u2019a pas besoin de jouer la carte du fait divers pour exister. Loin de l\u00e0.<\/p>\n<p>&nbsp;<\/p>\n<p><a href=\"http:\/\/www.cinevox.be\/wp-content\/uploads\/2016\/10\/unnamed.jpg\"><img loading=\"lazy\" decoding=\"async\" class=\"aligncenter size-large wp-image-91366\" src=\"http:\/\/www.cinevox.be\/wp-content\/uploads\/2016\/10\/unnamed-800x335.jpg\" alt=\"\" width=\"640\" height=\"268\" srcset=\"https:\/\/w-l-c.be\/wp-content\/uploads\/2016\/10\/unnamed-800x335.jpg 800w, https:\/\/w-l-c.be\/wp-content\/uploads\/2016\/10\/unnamed-480x201.jpg 480w, https:\/\/w-l-c.be\/wp-content\/uploads\/2016\/10\/unnamed.jpg 1920w\" sizes=\"auto, (max-width: 640px) 100vw, 640px\" \/><\/a><\/p>\n<p>&nbsp;<\/p>\n<p>Ce n\u2019est pas l\u2019odeur du sang qui a attir\u00e9 le r\u00e9alisateur bruxellois, mais tout au contraire l\u2019humanit\u00e9 qu\u2019il pouvait insuffler \u00e0 TOUS ses personnages qui a transcend\u00e9 sa d\u00e9marche. Drame classique dans sa structure, <em>Noces<\/em> impressionne moins par sa m\u00e9canique (implacable, forc\u00e9ment implacable) que gr\u00e2ce \u00e0 l\u2019empathie sans faille que suscitent Zahira, Amir, son fr\u00e8re, ses parents, ses s\u0153urs, son amie, son petit ami.<\/p>\n<p>Du coup les conflits qui naissent de leurs diff\u00e9rences d\u2019opinions plongent le spectateur dans une intense r\u00e9flexion, car tout jugement h\u00e2tif est ici impossible. Et c\u2019est tant mieux.<\/p>\n<p>&nbsp;<\/p>\n<p>D\u2019un c\u00f4t\u00e9 on a le poids d\u2019une tradition qui d\u00e9passe les individus inscrits dans une soci\u00e9t\u00e9 dont ils sont de simples \u00e9manations, de l\u2019autre, une jeune fille qui aspire \u00e0 tout autre chose, une libert\u00e9 absolue qu\u2019elle estime minimale. \u00c0 ses c\u00f4t\u00e9s, ses amis \u00ab\u00a0occidentaux\u00a0\u00bb, bienveillants certes, mais attach\u00e9s eux aussi aux valeurs fondamentales qui r\u00e9gissent notre soci\u00e9t\u00e9.<\/p>\n<p>&nbsp;<\/p>\n<p>&nbsp;<\/p>\n<p><a href=\"http:\/\/www.cinevox.be\/wp-content\/uploads\/2016\/10\/NOCES_02_press-564x385.jpg\"><img loading=\"lazy\" decoding=\"async\" class=\"aligncenter size-large wp-image-91368\" src=\"http:\/\/www.cinevox.be\/wp-content\/uploads\/2016\/10\/NOCES_02_press-564x385-800x335.jpg\" alt=\"\" width=\"640\" height=\"268\" srcset=\"https:\/\/w-l-c.be\/wp-content\/uploads\/2016\/10\/NOCES_02_press-564x385-800x335.jpg 800w, https:\/\/w-l-c.be\/wp-content\/uploads\/2016\/10\/NOCES_02_press-564x385-480x201.jpg 480w, https:\/\/w-l-c.be\/wp-content\/uploads\/2016\/10\/NOCES_02_press-564x385.jpg 1600w\" sizes=\"auto, (max-width: 640px) 100vw, 640px\" \/><\/a><\/p>\n<p>&nbsp;<\/p>\n<p>&nbsp;<\/p>\n<p>Au-del\u00e0 des \u00e9videntes\u00a0qualit\u00e9s d\u2019\u00e9criture, des partis-pris de r\u00e9alisation intransigeants (la musique est globalement absente du film, le cadre est tr\u00e8s soign\u00e9, les \u00e9changes sont essentiellement film\u00e9s dans des int\u00e9rieurs \u00e9triqu\u00e9s par opposition aux \u00e9chapp\u00e9es de Zahira), une telle oeuvre se doit de reposer sur une interpr\u00e9tation sans faille.<\/p>\n<p>C\u2019est le cas ici.<\/p>\n<p>Pourtant, Stephan n\u2019a pas jou\u00e9 la carte de la s\u00e9curit\u00e9\u00a0: il a confi\u00e9 le r\u00f4le principal \u00e0 une actrice d\u00e9butante d\u00e9nich\u00e9e une semaine avant le d\u00e9marrage du tournage. Une folie, il le reconna\u00eet lui-m\u00eame, mais un choix payant tant Lina Elarabi est, de bout en bout, \u00e9poustouflante.<\/p>\n<p>Magnifique et fragile, forte et libre, tiraill\u00e9e entre l\u2019amour des siens et ses espoirs d\u2019\u00e9mancipation, \u00e9puis\u00e9e par les dilemmes qui la minent, elle porte le film (et le spectateur) sur ses \u00e9paules. Mais pas seule. S\u00e9bastien Houbani qui incarne son fr\u00e8re, Babak Karimi (son p\u00e8re), Neena Kulkarni (sa m\u00e8re), Rania Mellouli (sa petite s\u0153ur), Aurora Marion (sa grande s\u0153ur), Alice De Lencquesaing (son amie), Olivier Gourmet (le p\u00e8re de son amie) et le plus belge de tous les Fran\u00e7ais, Zacharie Chasseriaud (son petit ami) sont plus qu\u2019impeccables. Remarquablement dirig\u00e9s ils \u00e9voluent sur la corde raide de leurs convictions, constamment confront\u00e9s les uns aux autres sans que le spectateur puisse s\u2019autoriser \u00e0 les juger. Sinon en s\u2019appuyant sur des pr\u00e9jug\u00e9s dont le cin\u00e9aste, auteur de son sc\u00e9nario, d\u00e9montre l\u2019inanit\u00e9.<\/p>\n<p>&nbsp;<\/p>\n<p><a href=\"http:\/\/www.cinevox.be\/wp-content\/uploads\/2016\/10\/NOCES_01_press-564x3851.jpg\"><img loading=\"lazy\" decoding=\"async\" class=\"aligncenter size-large wp-image-91369\" src=\"http:\/\/www.cinevox.be\/wp-content\/uploads\/2016\/10\/NOCES_01_press-564x3851-800x335.jpg\" alt=\"\" width=\"640\" height=\"268\" srcset=\"https:\/\/w-l-c.be\/wp-content\/uploads\/2016\/10\/NOCES_01_press-564x3851-800x335.jpg 800w, https:\/\/w-l-c.be\/wp-content\/uploads\/2016\/10\/NOCES_01_press-564x3851-480x201.jpg 480w, https:\/\/w-l-c.be\/wp-content\/uploads\/2016\/10\/NOCES_01_press-564x3851.jpg 1600w\" sizes=\"auto, (max-width: 640px) 100vw, 640px\" \/><\/a><\/p>\n<p>&nbsp;<\/p>\n<p>&nbsp;<\/p>\n<p>Ajoutons \u00e0 cela que le film est en partie parl\u00e9 en Ourdou, \u00a0un dialecte pakistanais que Stephan Streker, bien s\u00fbr, ne pratique pas, et vous aurez compris que son travail ici rel\u00e8ve de l\u2019exploit pour un r\u00e9sultat qui ne pr\u00eate pas le flanc \u00e0 la critique.<\/p>\n<p>&nbsp;<\/p>\n<p>Apr\u00e8s <em>Michael Blanco<\/em> un premier long exp\u00e9rimental, <em>Le Monde nous appartient<\/em>, un deuxi\u00e8me film o\u00f9 le r\u00e9alisateur dig\u00e9rait (avec brio) ses influences, Stephan Streker signe ici son oeuvre de la maturit\u00e9.<\/p>\n<p>Moins spectaculaire dans sa facture, d\u00e9barrass\u00e9 de toute pose, plus profond et essentiel sans doute, Noces est son <em>Two Lovers<\/em> \u00e0 lui, pour oser\u00a0une comparaison pioch\u00e9e chez un de ses cin\u00e9astes favoris. Qu\u2019il appr\u00e9ciera sans aucun doute.<\/p>\n<p>&nbsp;<\/p>\n","protected":false},"excerpt":{"rendered":"<p>\u00c0 l\u2019occasion de la traditionnelle soir\u00e9e de la F\u00e9d\u00e9ration Wallonie-Bruxelles et de la RTBF organis\u00e9e mardi au FIFF, un public fourni et attentif, r\u00e9parti sur plusieurs salles, attendait avec impatience la Premi\u00e8re belge de Noces, troisi\u00e8me long m\u00e9trage de Stephan Streker. Peu d\u2019informations avaient filtr\u00e9 avant cette projection. La plupart des spectateurs savaient juste qu\u2019ils &hellip;<\/p>\n","protected":false},"author":7,"featured_media":91371,"comment_status":"closed","ping_status":"closed","sticky":false,"template":"","format":"standard","meta":{"ngg_post_thumbnail":0,"footnotes":""},"categories":[53,12],"tags":[],"class_list":["post-91365","post","type-post","status-publish","format-standard","has-post-thumbnail","","category-coming-soon","category-awards"],"yoast_head":"<!-- This site is optimized with the Yoast SEO plugin v20.4 - https:\/\/yoast.com\/wordpress\/plugins\/seo\/ -->\n<title>Noces\u00a0: deux mondes\u2026 - w-l-c<\/title>\n<meta name=\"robots\" content=\"noindex, follow, max-snippet:-1, max-image-preview:large, max-video-preview:-1\" \/>\n<meta property=\"og:locale\" content=\"fr_FR\" \/>\n<meta property=\"og:type\" content=\"article\" \/>\n<meta property=\"og:title\" content=\"Noces\u00a0: deux mondes\u2026 - w-l-c\" \/>\n<meta property=\"og:description\" content=\"\u00c0 l\u2019occasion de la traditionnelle soir\u00e9e de la F\u00e9d\u00e9ration Wallonie-Bruxelles et de la RTBF organis\u00e9e mardi au FIFF, un public fourni et attentif, r\u00e9parti sur plusieurs salles, attendait avec impatience la Premi\u00e8re belge de Noces, troisi\u00e8me long m\u00e9trage de Stephan Streker. Peu d\u2019informations avaient filtr\u00e9 avant cette projection. La plupart des spectateurs savaient juste qu\u2019ils &hellip;\" \/>\n<meta property=\"og:url\" content=\"https:\/\/w-l-c.be\/fr\/noces-deux-mondes\/\" \/>\n<meta property=\"og:site_name\" content=\"w-l-c\" \/>\n<meta property=\"article:published_time\" content=\"2016-10-05T08:35:45+00:00\" \/>\n<meta property=\"article:modified_time\" content=\"2017-05-16T17:48:27+00:00\" \/>\n<meta property=\"og:image\" content=\"https:\/\/w-l-c.be\/wp-content\/uploads\/2016\/10\/unspecified.jpg\" \/>\n\t<meta property=\"og:image:width\" content=\"1590\" \/>\n\t<meta property=\"og:image:height\" content=\"658\" \/>\n\t<meta property=\"og:image:type\" content=\"image\/jpeg\" \/>\n<meta name=\"author\" content=\"Philippe.Pierquin\" \/>\n<meta name=\"twitter:card\" content=\"summary_large_image\" \/>\n<meta name=\"twitter:label1\" content=\"\u00c9crit par\" \/>\n\t<meta name=\"twitter:data1\" content=\"Philippe.Pierquin\" \/>\n\t<meta name=\"twitter:label2\" content=\"Dur\u00e9e de lecture estim\u00e9e\" \/>\n\t<meta name=\"twitter:data2\" content=\"4 minutes\" \/>\n<script type=\"application\/ld+json\" class=\"yoast-schema-graph\">{\"@context\":\"https:\/\/schema.org\",\"@graph\":[{\"@type\":\"WebPage\",\"@id\":\"https:\/\/w-l-c.be\/fr\/noces-deux-mondes\/\",\"url\":\"https:\/\/w-l-c.be\/fr\/noces-deux-mondes\/\",\"name\":\"Noces\u00a0: deux mondes\u2026 - w-l-c\",\"isPartOf\":{\"@id\":\"https:\/\/w-l-c.be\/fr\/#website\"},\"datePublished\":\"2016-10-05T08:35:45+00:00\",\"dateModified\":\"2017-05-16T17:48:27+00:00\",\"author\":{\"@id\":\"https:\/\/w-l-c.be\/fr\/#\/schema\/person\/4b9b1d857f0943453a38a7c2859ef756\"},\"breadcrumb\":{\"@id\":\"https:\/\/w-l-c.be\/fr\/noces-deux-mondes\/#breadcrumb\"},\"inLanguage\":\"fr-FR\",\"potentialAction\":[{\"@type\":\"ReadAction\",\"target\":[\"https:\/\/w-l-c.be\/fr\/noces-deux-mondes\/\"]}]},{\"@type\":\"BreadcrumbList\",\"@id\":\"https:\/\/w-l-c.be\/fr\/noces-deux-mondes\/#breadcrumb\",\"itemListElement\":[{\"@type\":\"ListItem\",\"position\":1,\"name\":\"Accueil\",\"item\":\"https:\/\/w-l-c.be\/fr\/\"},{\"@type\":\"ListItem\",\"position\":2,\"name\":\"Noces\u00a0: deux mondes\u2026\"}]},{\"@type\":\"WebSite\",\"@id\":\"https:\/\/w-l-c.be\/fr\/#website\",\"url\":\"https:\/\/w-l-c.be\/fr\/\",\"name\":\"w-l-c\",\"description\":\"Le cin\u00e9ma vu par les belges\",\"potentialAction\":[{\"@type\":\"SearchAction\",\"target\":{\"@type\":\"EntryPoint\",\"urlTemplate\":\"https:\/\/w-l-c.be\/fr\/?s={search_term_string}\"},\"query-input\":\"required name=search_term_string\"}],\"inLanguage\":\"fr-FR\"},{\"@type\":\"Person\",\"@id\":\"https:\/\/w-l-c.be\/fr\/#\/schema\/person\/4b9b1d857f0943453a38a7c2859ef756\",\"name\":\"Philippe.Pierquin\",\"url\":\"https:\/\/w-l-c.be\/fr\/author\/philippe-pierquin\/\"}]}<\/script>\n<!-- \/ Yoast SEO plugin. -->","yoast_head_json":{"title":"Noces\u00a0: deux mondes\u2026 - w-l-c","robots":{"index":"noindex","follow":"follow","max-snippet":"max-snippet:-1","max-image-preview":"max-image-preview:large","max-video-preview":"max-video-preview:-1"},"og_locale":"fr_FR","og_type":"article","og_title":"Noces\u00a0: deux mondes\u2026 - w-l-c","og_description":"\u00c0 l\u2019occasion de la traditionnelle soir\u00e9e de la F\u00e9d\u00e9ration Wallonie-Bruxelles et de la RTBF organis\u00e9e mardi au FIFF, un public fourni et attentif, r\u00e9parti sur plusieurs salles, attendait avec impatience la Premi\u00e8re belge de Noces, troisi\u00e8me long m\u00e9trage de Stephan Streker. Peu d\u2019informations avaient filtr\u00e9 avant cette projection. La plupart des spectateurs savaient juste qu\u2019ils &hellip;","og_url":"https:\/\/w-l-c.be\/fr\/noces-deux-mondes\/","og_site_name":"w-l-c","article_published_time":"2016-10-05T08:35:45+00:00","article_modified_time":"2017-05-16T17:48:27+00:00","og_image":[{"width":1590,"height":658,"url":"https:\/\/w-l-c.be\/wp-content\/uploads\/2016\/10\/unspecified.jpg","type":"image\/jpeg"}],"author":"Philippe.Pierquin","twitter_card":"summary_large_image","twitter_misc":{"\u00c9crit par":"Philippe.Pierquin","Dur\u00e9e de lecture estim\u00e9e":"4 minutes"},"schema":{"@context":"https:\/\/schema.org","@graph":[{"@type":"WebPage","@id":"https:\/\/w-l-c.be\/fr\/noces-deux-mondes\/","url":"https:\/\/w-l-c.be\/fr\/noces-deux-mondes\/","name":"Noces\u00a0: deux mondes\u2026 - w-l-c","isPartOf":{"@id":"https:\/\/w-l-c.be\/fr\/#website"},"datePublished":"2016-10-05T08:35:45+00:00","dateModified":"2017-05-16T17:48:27+00:00","author":{"@id":"https:\/\/w-l-c.be\/fr\/#\/schema\/person\/4b9b1d857f0943453a38a7c2859ef756"},"breadcrumb":{"@id":"https:\/\/w-l-c.be\/fr\/noces-deux-mondes\/#breadcrumb"},"inLanguage":"fr-FR","potentialAction":[{"@type":"ReadAction","target":["https:\/\/w-l-c.be\/fr\/noces-deux-mondes\/"]}]},{"@type":"BreadcrumbList","@id":"https:\/\/w-l-c.be\/fr\/noces-deux-mondes\/#breadcrumb","itemListElement":[{"@type":"ListItem","position":1,"name":"Accueil","item":"https:\/\/w-l-c.be\/fr\/"},{"@type":"ListItem","position":2,"name":"Noces\u00a0: deux mondes\u2026"}]},{"@type":"WebSite","@id":"https:\/\/w-l-c.be\/fr\/#website","url":"https:\/\/w-l-c.be\/fr\/","name":"w-l-c","description":"Le cin\u00e9ma vu par les belges","potentialAction":[{"@type":"SearchAction","target":{"@type":"EntryPoint","urlTemplate":"https:\/\/w-l-c.be\/fr\/?s={search_term_string}"},"query-input":"required name=search_term_string"}],"inLanguage":"fr-FR"},{"@type":"Person","@id":"https:\/\/w-l-c.be\/fr\/#\/schema\/person\/4b9b1d857f0943453a38a7c2859ef756","name":"Philippe.Pierquin","url":"https:\/\/w-l-c.be\/fr\/author\/philippe-pierquin\/"}]}},"_links":{"self":[{"href":"https:\/\/w-l-c.be\/fr\/wp-json\/wp\/v2\/posts\/91365","targetHints":{"allow":["GET"]}}],"collection":[{"href":"https:\/\/w-l-c.be\/fr\/wp-json\/wp\/v2\/posts"}],"about":[{"href":"https:\/\/w-l-c.be\/fr\/wp-json\/wp\/v2\/types\/post"}],"author":[{"embeddable":true,"href":"https:\/\/w-l-c.be\/fr\/wp-json\/wp\/v2\/users\/7"}],"replies":[{"embeddable":true,"href":"https:\/\/w-l-c.be\/fr\/wp-json\/wp\/v2\/comments?post=91365"}],"version-history":[{"count":0,"href":"https:\/\/w-l-c.be\/fr\/wp-json\/wp\/v2\/posts\/91365\/revisions"}],"wp:featuredmedia":[{"embeddable":true,"href":"https:\/\/w-l-c.be\/fr\/wp-json\/wp\/v2\/media\/91371"}],"wp:attachment":[{"href":"https:\/\/w-l-c.be\/fr\/wp-json\/wp\/v2\/media?parent=91365"}],"wp:term":[{"taxonomy":"category","embeddable":true,"href":"https:\/\/w-l-c.be\/fr\/wp-json\/wp\/v2\/categories?post=91365"},{"taxonomy":"post_tag","embeddable":true,"href":"https:\/\/w-l-c.be\/fr\/wp-json\/wp\/v2\/tags?post=91365"}],"curies":[{"name":"wp","href":"https:\/\/api.w.org\/{rel}","templated":true}]}}