
{"id":91618,"date":"2016-10-17T11:41:29","date_gmt":"2016-10-17T09:41:29","guid":{"rendered":"http:\/\/www.cinevox.be\/?p=91618"},"modified":"2016-10-17T14:10:20","modified_gmt":"2016-10-17T12:10:20","slug":"adil-bilall-et-eddie","status":"publish","type":"post","link":"https:\/\/w-l-c.be\/fr\/adil-bilall-et-eddie\/","title":{"rendered":"Adil, Bilall et.. Eddie"},"content":{"rendered":"<p>Si vous suivez la page Facebook d\u2019Adil El Arbi en Bilall, vous savez que le duo le plus dingue du cin\u00e9ma belge est actuellement en train de tracer son sillon de l\u2019autre c\u00f4t\u00e9 de l\u2019Atlantique o\u00f9 Black n\u2019est pas pass\u00e9 inaper\u00e7u. La plupart des studios hollywoodiens leur ont ouvert leurs portes et ils ont rapidement sign\u00e9 pour r\u00e9aliser le pilote d\u2019une nouvelle s\u00e9rie pour la cha\u00eene FX.<!--more--><\/p>\n<p>&nbsp;<\/p>\n<p><em>Snowfall <\/em>nous replongera dans le Los Angeles du d\u00e9but des ann\u00e9es 1980, quand la ville a d\u00fb faire face \u00e0 ce qu\u2019on a appel\u00e9 une \u00ab \u00e9pid\u00e9mie de crack \u00bb. L\u2019histoire suit les destins crois\u00e9s de trois personnages : Franklin Saint, un jeune entrepreneur ambitieux et avide de pouvoir, Gustavo Zapata, un lutteur et gangster mexicain qui poursuit son r\u00eave am\u00e9ricain, et Teddy McDonald, un agent de la CIA.<\/p>\n<p>&nbsp;<\/p>\n<p><a href=\"http:\/\/www.cinevox.be\/wp-content\/uploads\/2016\/10\/14183829_612430555597217_8780785979173292329_n.jpg\"><img loading=\"lazy\" decoding=\"async\" class=\"aligncenter size-full wp-image-91620\" src=\"http:\/\/www.cinevox.be\/wp-content\/uploads\/2016\/10\/14183829_612430555597217_8780785979173292329_n.jpg\" alt=\"\" width=\"710\" height=\"543\" srcset=\"https:\/\/w-l-c.be\/wp-content\/uploads\/2016\/10\/14183829_612430555597217_8780785979173292329_n.jpg 710w, https:\/\/w-l-c.be\/wp-content\/uploads\/2016\/10\/14183829_612430555597217_8780785979173292329_n-353x270.jpg 353w\" sizes=\"auto, (max-width: 710px) 100vw, 710px\" \/><\/a><\/p>\n<p>&nbsp;<\/p>\n<p>La s\u00e9rie est bas\u00e9e sur un sc\u00e9nario original de Dave Andron (<em>Knight Rider<\/em> et <em>Justified<\/em>), du r\u00e9alisateur de <em>Boyz N the Hood<\/em> John Singleton (que l\u2019on conna\u00eet aussi de<em> Shaft <\/em>et 2 <em>Fast 2 Furious<\/em>) et Eric Amadio. Le Showrunner de la s\u00e9rie est Dave Andron et les producteurs ex\u00e9cutifs sont Thomas Schlamme (<em>The West Wing, The Americans<\/em>), Michael London, Eric Amadio, John Singleton et Trevor Engelson de Underground Films.<\/p>\n<p>&nbsp;<\/p>\n<p>\u00ab\u00a0<em>Snowfall<\/em> est l\u2019un des meilleurs scripts qu\u2019il nous a \u00e9t\u00e9 donn\u00e9 de lire ces derniers temps\u00a0\u00bb, ont expliqu\u00e9 El Arbi et Fallah depuis Los Angeles. \u00ab\u00a0Il contient tous les \u00e9l\u00e9ments qui nous passionnent : les quartiers difficiles de L.A., les ann\u00e9es 1980, l\u2019\u00e9pid\u00e9mie de crack. On dirait un m\u00e9lange entre The Wire et Boogie Nights, Spike Lee rencontre Scorsese. La cha\u00eene FX a red\u00e9fini les standards de la fiction TV avec des s\u00e9ries comme The Shield ou Fargo. C\u2019est un grand honneur d\u2019avoir leur soutien et leur confiance. On va devoir faire du Black mais en dix mille fois mieux.\u00a0\u00bb<\/p>\n<p>&nbsp;<\/p>\n<p><a href=\"http:\/\/www.cinevox.be\/wp-content\/uploads\/2016\/10\/13923739_10157224404715024_2881161757506756747_o.jpg\"><img loading=\"lazy\" decoding=\"async\" class=\"aligncenter size-large wp-image-91621\" src=\"http:\/\/www.cinevox.be\/wp-content\/uploads\/2016\/10\/13923739_10157224404715024_2881161757506756747_o-800x600.jpg\" alt=\"\" width=\"640\" height=\"480\" srcset=\"https:\/\/w-l-c.be\/wp-content\/uploads\/2016\/10\/13923739_10157224404715024_2881161757506756747_o-800x600.jpg 800w, https:\/\/w-l-c.be\/wp-content\/uploads\/2016\/10\/13923739_10157224404715024_2881161757506756747_o-360x270.jpg 360w, https:\/\/w-l-c.be\/wp-content\/uploads\/2016\/10\/13923739_10157224404715024_2881161757506756747_o-300x225.jpg 300w, https:\/\/w-l-c.be\/wp-content\/uploads\/2016\/10\/13923739_10157224404715024_2881161757506756747_o.jpg 1080w\" sizes=\"auto, (max-width: 640px) 100vw, 640px\" \/><\/a><\/p>\n<p>&nbsp;<\/p>\n<p>Apr\u00e8s cette exp\u00e9rience qu\u2019ils ont \u00ab\u00a0kiff\u00e9 grave\u00a0\u00bb Adil et Bilall se lancent dans un nouveau projet\u00a0: la r\u00e9alisation du quatri\u00e8me volet du Flic de Beverly Hills. Retour vers le futur, mais aux standards des ann\u00e9es 2010. Avec le duo aux commandes, on peut en \u00eatre certain.<\/p>\n<p>&nbsp;<\/p>\n<p>Le producteur Jerry Bruckheimer et Eddie Murphy ont travaill\u00e9 longtemps au sc\u00e9nario, mais n\u2019avaient pas d\u2019id\u00e9e pr\u00e9cise d\u2019un r\u00e9alisateur. Apr\u00e8s avoir vu (et ador\u00e9) Black, ils ont souhait\u00e9 rencontrer le duo qui voue un culte au premier \u00e9pisode de la s\u00e9rie, sorti en 1984.<\/p>\n<p>&nbsp;<\/p>\n<p><a href=\"http:\/\/www.cinevox.be\/wp-content\/uploads\/2016\/10\/14670772_10157516863930024_262721886034923982_n.jpg\"><img loading=\"lazy\" decoding=\"async\" class=\"aligncenter wp-image-91619 size-large\" src=\"http:\/\/www.cinevox.be\/wp-content\/uploads\/2016\/10\/14670772_10157516863930024_262721886034923982_n-604x600.jpg\" alt=\"\" width=\"604\" height=\"600\" srcset=\"https:\/\/w-l-c.be\/wp-content\/uploads\/2016\/10\/14670772_10157516863930024_262721886034923982_n-604x600.jpg 604w, https:\/\/w-l-c.be\/wp-content\/uploads\/2016\/10\/14670772_10157516863930024_262721886034923982_n-271x270.jpg 271w, https:\/\/w-l-c.be\/wp-content\/uploads\/2016\/10\/14670772_10157516863930024_262721886034923982_n-100x100.jpg 100w, https:\/\/w-l-c.be\/wp-content\/uploads\/2016\/10\/14670772_10157516863930024_262721886034923982_n-87x87.jpg 87w, https:\/\/w-l-c.be\/wp-content\/uploads\/2016\/10\/14670772_10157516863930024_262721886034923982_n.jpg 960w\" sizes=\"auto, (max-width: 604px) 100vw, 604px\" \/><\/a><\/p>\n<p>&nbsp;<\/p>\n<p>Ce nouvel \u00e9pisode a \u00e9t\u00e9 \u00e9crit par Josh Appelbaum et Andre Nemec et devrait \u00eatre tourn\u00e9 au tout d\u00e9but de l\u2019ann\u00e9e 2017.<\/p>\n<p>&nbsp;<\/p>\n<p>En attendant, Adil et Bilall peaufinent le projet avec une de leurs idoles. Qu\u2019attendre de plus de la vie d\u2019artiste\u00a0?<\/p>\n<p>&nbsp;<\/p>\n<p><a href=\"http:\/\/www.cinevox.be\/wp-content\/uploads\/2016\/10\/14542434_10157504891030024_5401190755607517939_o.jpg\"><img loading=\"lazy\" decoding=\"async\" class=\"aligncenter size-large wp-image-91622\" src=\"http:\/\/www.cinevox.be\/wp-content\/uploads\/2016\/10\/14542434_10157504891030024_5401190755607517939_o-800x600.jpg\" alt=\"\" width=\"640\" height=\"480\" srcset=\"https:\/\/w-l-c.be\/wp-content\/uploads\/2016\/10\/14542434_10157504891030024_5401190755607517939_o-800x600.jpg 800w, https:\/\/w-l-c.be\/wp-content\/uploads\/2016\/10\/14542434_10157504891030024_5401190755607517939_o-360x270.jpg 360w, https:\/\/w-l-c.be\/wp-content\/uploads\/2016\/10\/14542434_10157504891030024_5401190755607517939_o-300x225.jpg 300w, https:\/\/w-l-c.be\/wp-content\/uploads\/2016\/10\/14542434_10157504891030024_5401190755607517939_o.jpg 1080w\" sizes=\"auto, (max-width: 640px) 100vw, 640px\" \/><\/a><\/p>\n<p>&nbsp;<\/p>\n<p>&nbsp;<\/p>\n","protected":false},"excerpt":{"rendered":"<p>Si vous suivez la page Facebook d\u2019Adil El Arbi en Bilall, vous savez que le duo le plus dingue du cin\u00e9ma belge est actuellement en train de tracer son sillon de l\u2019autre c\u00f4t\u00e9 de l\u2019Atlantique o\u00f9 Black n\u2019est pas pass\u00e9 inaper\u00e7u. La plupart des studios hollywoodiens leur ont ouvert leurs portes et ils ont rapidement &hellip;<\/p>\n","protected":false},"author":7,"featured_media":91624,"comment_status":"closed","ping_status":"closed","sticky":false,"template":"","format":"standard","meta":{"ngg_post_thumbnail":0,"footnotes":""},"categories":[53,11],"tags":[],"class_list":["post-91618","post","type-post","status-publish","format-standard","has-post-thumbnail","","category-coming-soon","category-tournages"],"yoast_head":"<!-- This site is optimized with the Yoast SEO plugin v20.4 - https:\/\/yoast.com\/wordpress\/plugins\/seo\/ -->\n<title>Adil, Bilall et.. Eddie - w-l-c<\/title>\n<meta name=\"robots\" content=\"noindex, follow, max-snippet:-1, max-image-preview:large, max-video-preview:-1\" \/>\n<meta property=\"og:locale\" content=\"fr_FR\" \/>\n<meta property=\"og:type\" content=\"article\" \/>\n<meta property=\"og:title\" content=\"Adil, Bilall et.. Eddie - w-l-c\" \/>\n<meta property=\"og:description\" content=\"Si vous suivez la page Facebook d\u2019Adil El Arbi en Bilall, vous savez que le duo le plus dingue du cin\u00e9ma belge est actuellement en train de tracer son sillon de l\u2019autre c\u00f4t\u00e9 de l\u2019Atlantique o\u00f9 Black n\u2019est pas pass\u00e9 inaper\u00e7u. La plupart des studios hollywoodiens leur ont ouvert leurs portes et ils ont rapidement &hellip;\" \/>\n<meta property=\"og:url\" content=\"https:\/\/w-l-c.be\/fr\/adil-bilall-et-eddie\/\" \/>\n<meta property=\"og:site_name\" content=\"w-l-c\" \/>\n<meta property=\"article:published_time\" content=\"2016-10-17T09:41:29+00:00\" \/>\n<meta property=\"article:modified_time\" content=\"2016-10-17T12:10:20+00:00\" \/>\n<meta property=\"og:image\" content=\"https:\/\/w-l-c.be\/wp-content\/uploads\/2016\/10\/ab.jpg\" \/>\n\t<meta property=\"og:image:width\" content=\"765\" \/>\n\t<meta property=\"og:image:height\" content=\"497\" \/>\n\t<meta property=\"og:image:type\" content=\"image\/jpeg\" \/>\n<meta name=\"author\" content=\"Philippe.Pierquin\" \/>\n<meta name=\"twitter:card\" content=\"summary_large_image\" \/>\n<meta name=\"twitter:label1\" content=\"\u00c9crit par\" \/>\n\t<meta name=\"twitter:data1\" content=\"Philippe.Pierquin\" \/>\n\t<meta name=\"twitter:label2\" content=\"Dur\u00e9e de lecture estim\u00e9e\" \/>\n\t<meta name=\"twitter:data2\" content=\"2 minutes\" \/>\n<script type=\"application\/ld+json\" class=\"yoast-schema-graph\">{\"@context\":\"https:\/\/schema.org\",\"@graph\":[{\"@type\":\"WebPage\",\"@id\":\"https:\/\/w-l-c.be\/fr\/adil-bilall-et-eddie\/\",\"url\":\"https:\/\/w-l-c.be\/fr\/adil-bilall-et-eddie\/\",\"name\":\"Adil, Bilall et.. Eddie - w-l-c\",\"isPartOf\":{\"@id\":\"https:\/\/w-l-c.be\/fr\/#website\"},\"datePublished\":\"2016-10-17T09:41:29+00:00\",\"dateModified\":\"2016-10-17T12:10:20+00:00\",\"author\":{\"@id\":\"https:\/\/w-l-c.be\/fr\/#\/schema\/person\/4b9b1d857f0943453a38a7c2859ef756\"},\"breadcrumb\":{\"@id\":\"https:\/\/w-l-c.be\/fr\/adil-bilall-et-eddie\/#breadcrumb\"},\"inLanguage\":\"fr-FR\",\"potentialAction\":[{\"@type\":\"ReadAction\",\"target\":[\"https:\/\/w-l-c.be\/fr\/adil-bilall-et-eddie\/\"]}]},{\"@type\":\"BreadcrumbList\",\"@id\":\"https:\/\/w-l-c.be\/fr\/adil-bilall-et-eddie\/#breadcrumb\",\"itemListElement\":[{\"@type\":\"ListItem\",\"position\":1,\"name\":\"Accueil\",\"item\":\"https:\/\/w-l-c.be\/fr\/\"},{\"@type\":\"ListItem\",\"position\":2,\"name\":\"Adil, Bilall et.. Eddie\"}]},{\"@type\":\"WebSite\",\"@id\":\"https:\/\/w-l-c.be\/fr\/#website\",\"url\":\"https:\/\/w-l-c.be\/fr\/\",\"name\":\"w-l-c\",\"description\":\"Le cin\u00e9ma vu par les belges\",\"potentialAction\":[{\"@type\":\"SearchAction\",\"target\":{\"@type\":\"EntryPoint\",\"urlTemplate\":\"https:\/\/w-l-c.be\/fr\/?s={search_term_string}\"},\"query-input\":\"required name=search_term_string\"}],\"inLanguage\":\"fr-FR\"},{\"@type\":\"Person\",\"@id\":\"https:\/\/w-l-c.be\/fr\/#\/schema\/person\/4b9b1d857f0943453a38a7c2859ef756\",\"name\":\"Philippe.Pierquin\",\"url\":\"https:\/\/w-l-c.be\/fr\/author\/philippe-pierquin\/\"}]}<\/script>\n<!-- \/ Yoast SEO plugin. -->","yoast_head_json":{"title":"Adil, Bilall et.. Eddie - w-l-c","robots":{"index":"noindex","follow":"follow","max-snippet":"max-snippet:-1","max-image-preview":"max-image-preview:large","max-video-preview":"max-video-preview:-1"},"og_locale":"fr_FR","og_type":"article","og_title":"Adil, Bilall et.. Eddie - w-l-c","og_description":"Si vous suivez la page Facebook d\u2019Adil El Arbi en Bilall, vous savez que le duo le plus dingue du cin\u00e9ma belge est actuellement en train de tracer son sillon de l\u2019autre c\u00f4t\u00e9 de l\u2019Atlantique o\u00f9 Black n\u2019est pas pass\u00e9 inaper\u00e7u. La plupart des studios hollywoodiens leur ont ouvert leurs portes et ils ont rapidement &hellip;","og_url":"https:\/\/w-l-c.be\/fr\/adil-bilall-et-eddie\/","og_site_name":"w-l-c","article_published_time":"2016-10-17T09:41:29+00:00","article_modified_time":"2016-10-17T12:10:20+00:00","og_image":[{"width":765,"height":497,"url":"https:\/\/w-l-c.be\/wp-content\/uploads\/2016\/10\/ab.jpg","type":"image\/jpeg"}],"author":"Philippe.Pierquin","twitter_card":"summary_large_image","twitter_misc":{"\u00c9crit par":"Philippe.Pierquin","Dur\u00e9e de lecture estim\u00e9e":"2 minutes"},"schema":{"@context":"https:\/\/schema.org","@graph":[{"@type":"WebPage","@id":"https:\/\/w-l-c.be\/fr\/adil-bilall-et-eddie\/","url":"https:\/\/w-l-c.be\/fr\/adil-bilall-et-eddie\/","name":"Adil, Bilall et.. Eddie - w-l-c","isPartOf":{"@id":"https:\/\/w-l-c.be\/fr\/#website"},"datePublished":"2016-10-17T09:41:29+00:00","dateModified":"2016-10-17T12:10:20+00:00","author":{"@id":"https:\/\/w-l-c.be\/fr\/#\/schema\/person\/4b9b1d857f0943453a38a7c2859ef756"},"breadcrumb":{"@id":"https:\/\/w-l-c.be\/fr\/adil-bilall-et-eddie\/#breadcrumb"},"inLanguage":"fr-FR","potentialAction":[{"@type":"ReadAction","target":["https:\/\/w-l-c.be\/fr\/adil-bilall-et-eddie\/"]}]},{"@type":"BreadcrumbList","@id":"https:\/\/w-l-c.be\/fr\/adil-bilall-et-eddie\/#breadcrumb","itemListElement":[{"@type":"ListItem","position":1,"name":"Accueil","item":"https:\/\/w-l-c.be\/fr\/"},{"@type":"ListItem","position":2,"name":"Adil, Bilall et.. Eddie"}]},{"@type":"WebSite","@id":"https:\/\/w-l-c.be\/fr\/#website","url":"https:\/\/w-l-c.be\/fr\/","name":"w-l-c","description":"Le cin\u00e9ma vu par les belges","potentialAction":[{"@type":"SearchAction","target":{"@type":"EntryPoint","urlTemplate":"https:\/\/w-l-c.be\/fr\/?s={search_term_string}"},"query-input":"required name=search_term_string"}],"inLanguage":"fr-FR"},{"@type":"Person","@id":"https:\/\/w-l-c.be\/fr\/#\/schema\/person\/4b9b1d857f0943453a38a7c2859ef756","name":"Philippe.Pierquin","url":"https:\/\/w-l-c.be\/fr\/author\/philippe-pierquin\/"}]}},"_links":{"self":[{"href":"https:\/\/w-l-c.be\/fr\/wp-json\/wp\/v2\/posts\/91618","targetHints":{"allow":["GET"]}}],"collection":[{"href":"https:\/\/w-l-c.be\/fr\/wp-json\/wp\/v2\/posts"}],"about":[{"href":"https:\/\/w-l-c.be\/fr\/wp-json\/wp\/v2\/types\/post"}],"author":[{"embeddable":true,"href":"https:\/\/w-l-c.be\/fr\/wp-json\/wp\/v2\/users\/7"}],"replies":[{"embeddable":true,"href":"https:\/\/w-l-c.be\/fr\/wp-json\/wp\/v2\/comments?post=91618"}],"version-history":[{"count":0,"href":"https:\/\/w-l-c.be\/fr\/wp-json\/wp\/v2\/posts\/91618\/revisions"}],"wp:featuredmedia":[{"embeddable":true,"href":"https:\/\/w-l-c.be\/fr\/wp-json\/wp\/v2\/media\/91624"}],"wp:attachment":[{"href":"https:\/\/w-l-c.be\/fr\/wp-json\/wp\/v2\/media?parent=91618"}],"wp:term":[{"taxonomy":"category","embeddable":true,"href":"https:\/\/w-l-c.be\/fr\/wp-json\/wp\/v2\/categories?post=91618"},{"taxonomy":"post_tag","embeddable":true,"href":"https:\/\/w-l-c.be\/fr\/wp-json\/wp\/v2\/tags?post=91618"}],"curies":[{"name":"wp","href":"https:\/\/api.w.org\/{rel}","templated":true}]}}