
{"id":91645,"date":"2016-10-17T10:52:08","date_gmt":"2016-10-17T08:52:08","guid":{"rendered":"http:\/\/www.cinevox.be\/?p=91645"},"modified":"2016-10-14T11:08:30","modified_gmt":"2016-10-14T09:08:30","slug":"jay-parmi-les-courts","status":"publish","type":"post","link":"https:\/\/w-l-c.be\/fr\/jay-parmi-les-courts\/","title":{"rendered":"Who&rsquo;s in the fridge ?  Jay&rsquo;s in the fridge"},"content":{"rendered":"<p>Pas d\u2019in\u00e9dit dans le Tout Court de cette semaine, mais l\u2019occasion de revoir, ce soir, sur la Trois, trois courts aux tonalit\u00e9s fort diff\u00e9rentes. Dont Jay parmi les hommes, un de nos chouchous de ces derni\u00e8res ann\u00e9es. Vivement la suite pour Zeno Graton<\/p>\n<p>D\u00e8s demain, les films seront visibles pour 7 jours sur l\u2019Auvio de la RTBF. On en reparle.<!--more--><\/p>\n<p>&nbsp;<\/p>\n<p><a href=\"http:\/\/www.cinevox.be\/wp-content\/uploads\/2016\/10\/Jay-Parmi-les-hommes.jpg\"><img loading=\"lazy\" decoding=\"async\" class=\"aligncenter size-large wp-image-91646\" src=\"http:\/\/www.cinevox.be\/wp-content\/uploads\/2016\/10\/Jay-Parmi-les-hommes-800x474.jpg\" alt=\"\" width=\"640\" height=\"379\" srcset=\"https:\/\/w-l-c.be\/wp-content\/uploads\/2016\/10\/Jay-Parmi-les-hommes-800x474.jpg 800w, https:\/\/w-l-c.be\/wp-content\/uploads\/2016\/10\/Jay-Parmi-les-hommes-455x270.jpg 455w, https:\/\/w-l-c.be\/wp-content\/uploads\/2016\/10\/Jay-Parmi-les-hommes.jpg 1703w\" sizes=\"auto, (max-width: 640px) 100vw, 640px\" \/><\/a><\/p>\n<h2>23:25\u00a0&#8211; <strong>Jay parmi les hommes<\/strong><\/h2>\n<p><strong>Dur\u00e9e\u00a0:<\/strong>\u00a000:27<\/p>\n<p>Pour plaire \u00e0 son p\u00e8re et gagner l&rsquo;amour qui lui manque, Jay, 14 ans, veut devenir un homme et trouver une copine. En for\u00e7ant son entr\u00e9e dans le territoire violent des hommes, Jay va tenter d&rsquo;oublier qu&rsquo;il est encore un enfant.<\/p>\n<ul>\n<li><strong>R\u00e9alisateur\u00a0:\u00a0<\/strong>Zeno Graton<\/li>\n<li><strong>Sc\u00e9nariste\u00a0:\u00a0<\/strong>Zeno Graton, Louise Dubois<\/li>\n<li><strong>Acteur\/Actrice\u00a0:\u00a0<\/strong>Anton Leurquin, Arieh Worthalter, Judith Williquet<\/li>\n<\/ul>\n<p>&nbsp;<\/p>\n<p><a href=\"http:\/\/www.cinevox.be\/wp-content\/uploads\/2016\/10\/whos-in-the-fridge-2.jpg\"><img loading=\"lazy\" decoding=\"async\" class=\"aligncenter size-large wp-image-91648\" src=\"http:\/\/www.cinevox.be\/wp-content\/uploads\/2016\/10\/whos-in-the-fridge-2-800x450.jpg\" alt=\"\" width=\"640\" height=\"360\" srcset=\"https:\/\/w-l-c.be\/wp-content\/uploads\/2016\/10\/whos-in-the-fridge-2-800x450.jpg 800w, https:\/\/w-l-c.be\/wp-content\/uploads\/2016\/10\/whos-in-the-fridge-2-200x113.jpg 200w, https:\/\/w-l-c.be\/wp-content\/uploads\/2016\/10\/whos-in-the-fridge-2-480x270.jpg 480w, https:\/\/w-l-c.be\/wp-content\/uploads\/2016\/10\/whos-in-the-fridge-2-300x169.jpg 300w, https:\/\/w-l-c.be\/wp-content\/uploads\/2016\/10\/whos-in-the-fridge-2-620x350.jpg 620w, https:\/\/w-l-c.be\/wp-content\/uploads\/2016\/10\/whos-in-the-fridge-2.jpg 1920w\" sizes=\"auto, (max-width: 640px) 100vw, 640px\" \/><\/a><\/p>\n<p>&nbsp;<\/p>\n<h2>23:50\u00a0&#8211; <strong>Who&rsquo;s in the fridge?<\/strong><\/h2>\n<p><strong>Dur\u00e9e\u00a0:<\/strong>\u00a000:15<\/p>\n<p>Cindy est autoris\u00e9e \u00e0 sortir du Mental Ostopital pour passer le week-end chez elle. Mais ses hallucinations la reprennent. \u00ab\u00a0Ils\u00a0\u00bb sont toujours l\u00e0, qui l&rsquo;espionnent. \u00ab\u00a0Eux\u00a0\u00bb avec leur cam\u00e9ra. Il y en a m\u00eame dans le frigo ! Ca d\u00e9sole son mari, Alex. Six mois d&rsquo;\u00e9lectrochocs pour rien ! Mais n&rsquo;y-a-t-il vraiment personne dans le frigo.<\/p>\n<ul>\n<li><strong>R\u00e9alisateur\u00a0:\u00a0<\/strong>Philippe Lamensch<\/li>\n<li><strong>Sc\u00e9nariste\u00a0:\u00a0<\/strong>Philippe Lamensch<\/li>\n<li><strong>Acteur\/Actrice\u00a0:\u00a0<\/strong>Florence Hebbelynck, Ga\u00ebtan Wenders, Jean-Louis Sbille, Annick Cornette<\/li>\n<\/ul>\n<p>&nbsp;<\/p>\n<p><a href=\"http:\/\/www.cinevox.be\/wp-content\/uploads\/2016\/10\/Grace-2.jpg\"><img loading=\"lazy\" decoding=\"async\" class=\"aligncenter size-large wp-image-91647\" src=\"http:\/\/www.cinevox.be\/wp-content\/uploads\/2016\/10\/Grace-2-800x533.jpg\" alt=\"\" width=\"640\" height=\"426\" srcset=\"https:\/\/w-l-c.be\/wp-content\/uploads\/2016\/10\/Grace-2-800x533.jpg 800w, https:\/\/w-l-c.be\/wp-content\/uploads\/2016\/10\/Grace-2-405x270.jpg 405w, https:\/\/w-l-c.be\/wp-content\/uploads\/2016\/10\/Grace-2.jpg 1200w\" sizes=\"auto, (max-width: 640px) 100vw, 640px\" \/><\/a><\/p>\n<p>&nbsp;<\/p>\n<h2>00:05\u00a0&#8211; <strong>Grace<\/strong><\/h2>\n<ul>\n<li><strong>Dur\u00e9e\u00a0:<\/strong>\u00a000:19<\/li>\n<li><strong>Controle parental\u00a0:<\/strong>\u00a0Pour tous<\/li>\n<\/ul>\n<p>J\u00e9rome est handicap\u00e9 mental et physique. C&rsquo;est un \u00eatre joyeux, sinc\u00e8re, aimable. Via est une prostitu\u00e9e d\u00e9fra\u00eechie, fatigu\u00e9e, aigrie et surtout tr\u00e8s seule. Le soir de son 40\u00e8me anniversaire, J\u00e9rome fait une \u00ab\u00a0dr\u00f4le \u00ab\u00a0de proposition \u00e0 Via et elle le rejette abruptement. Mais J\u00e9rome ne baisse pas les bras car Via est la seule \u00e0 pouvoir l&rsquo;aider \u00e0 atteindre son but.<br \/>\nPrix et r\u00e9compenses :<br \/>\nRencontres du Court de Montpellier, France : Grand prix du Jury<br \/>\nFestival Des Films A Venir, France : Prix du Jury<\/p>\n<ul>\n<li><strong>R\u00e9alisateur\u00a0:\u00a0<\/strong>Joelle Keyaert<\/li>\n<li><strong>Sc\u00e9nariste\u00a0:\u00a0<\/strong>Joelle Keyaert<\/li>\n<li><strong>Acteur\/Actrice\u00a0:\u00a0<\/strong>Carlos Leal, Alisa Schulz, Victor Castagna<\/li>\n<\/ul>\n<p>&nbsp;<\/p>\n<p>&nbsp;<\/p>\n<p>&nbsp;<\/p>\n","protected":false},"excerpt":{"rendered":"<p>Pas d\u2019in\u00e9dit dans le Tout Court de cette semaine, mais l\u2019occasion de revoir, ce soir, sur la Trois, trois courts aux tonalit\u00e9s fort diff\u00e9rentes. Dont Jay parmi les hommes, un de nos chouchous de ces derni\u00e8res ann\u00e9es. Vivement la suite pour Zeno Graton D\u00e8s demain, les films seront visibles pour 7 jours sur l\u2019Auvio de &hellip;<\/p>\n","protected":false},"author":7,"featured_media":91650,"comment_status":"closed","ping_status":"closed","sticky":false,"template":"","format":"standard","meta":{"ngg_post_thumbnail":0,"footnotes":""},"categories":[14],"tags":[],"class_list":["post-91645","post","type-post","status-publish","format-standard","has-post-thumbnail","","category-home-cinema"],"yoast_head":"<!-- This site is optimized with the Yoast SEO plugin v20.4 - https:\/\/yoast.com\/wordpress\/plugins\/seo\/ -->\n<title>Who&#039;s in the fridge ? Jay&#039;s in the fridge - w-l-c<\/title>\n<meta name=\"robots\" content=\"noindex, follow, max-snippet:-1, max-image-preview:large, max-video-preview:-1\" \/>\n<meta property=\"og:locale\" content=\"fr_FR\" \/>\n<meta property=\"og:type\" content=\"article\" \/>\n<meta property=\"og:title\" content=\"Who&#039;s in the fridge ? Jay&#039;s in the fridge - w-l-c\" \/>\n<meta property=\"og:description\" content=\"Pas d\u2019in\u00e9dit dans le Tout Court de cette semaine, mais l\u2019occasion de revoir, ce soir, sur la Trois, trois courts aux tonalit\u00e9s fort diff\u00e9rentes. Dont Jay parmi les hommes, un de nos chouchous de ces derni\u00e8res ann\u00e9es. Vivement la suite pour Zeno Graton D\u00e8s demain, les films seront visibles pour 7 jours sur l\u2019Auvio de &hellip;\" \/>\n<meta property=\"og:url\" content=\"https:\/\/w-l-c.be\/fr\/jay-parmi-les-courts\/\" \/>\n<meta property=\"og:site_name\" content=\"w-l-c\" \/>\n<meta property=\"article:published_time\" content=\"2016-10-17T08:52:08+00:00\" \/>\n<meta property=\"article:modified_time\" content=\"2016-10-14T09:08:30+00:00\" \/>\n<meta property=\"og:image\" content=\"https:\/\/w-l-c.be\/wp-content\/uploads\/2016\/10\/04_cc760_jay-parmi-les-hommes_04.jpg\" \/>\n\t<meta property=\"og:image:width\" content=\"1200\" \/>\n\t<meta property=\"og:image:height\" content=\"630\" \/>\n\t<meta property=\"og:image:type\" content=\"image\/jpeg\" \/>\n<meta name=\"author\" content=\"Philippe.Pierquin\" \/>\n<meta name=\"twitter:card\" content=\"summary_large_image\" \/>\n<meta name=\"twitter:label1\" content=\"\u00c9crit par\" \/>\n\t<meta name=\"twitter:data1\" content=\"Philippe.Pierquin\" \/>\n\t<meta name=\"twitter:label2\" content=\"Dur\u00e9e de lecture estim\u00e9e\" \/>\n\t<meta name=\"twitter:data2\" content=\"2 minutes\" \/>\n<script type=\"application\/ld+json\" class=\"yoast-schema-graph\">{\"@context\":\"https:\/\/schema.org\",\"@graph\":[{\"@type\":\"WebPage\",\"@id\":\"https:\/\/w-l-c.be\/fr\/jay-parmi-les-courts\/\",\"url\":\"https:\/\/w-l-c.be\/fr\/jay-parmi-les-courts\/\",\"name\":\"Who's in the fridge ? Jay's in the fridge - w-l-c\",\"isPartOf\":{\"@id\":\"https:\/\/w-l-c.be\/fr\/#website\"},\"datePublished\":\"2016-10-17T08:52:08+00:00\",\"dateModified\":\"2016-10-14T09:08:30+00:00\",\"author\":{\"@id\":\"https:\/\/w-l-c.be\/fr\/#\/schema\/person\/4b9b1d857f0943453a38a7c2859ef756\"},\"breadcrumb\":{\"@id\":\"https:\/\/w-l-c.be\/fr\/jay-parmi-les-courts\/#breadcrumb\"},\"inLanguage\":\"fr-FR\",\"potentialAction\":[{\"@type\":\"ReadAction\",\"target\":[\"https:\/\/w-l-c.be\/fr\/jay-parmi-les-courts\/\"]}]},{\"@type\":\"BreadcrumbList\",\"@id\":\"https:\/\/w-l-c.be\/fr\/jay-parmi-les-courts\/#breadcrumb\",\"itemListElement\":[{\"@type\":\"ListItem\",\"position\":1,\"name\":\"Accueil\",\"item\":\"https:\/\/w-l-c.be\/fr\/\"},{\"@type\":\"ListItem\",\"position\":2,\"name\":\"Who&rsquo;s in the fridge ? Jay&rsquo;s in the fridge\"}]},{\"@type\":\"WebSite\",\"@id\":\"https:\/\/w-l-c.be\/fr\/#website\",\"url\":\"https:\/\/w-l-c.be\/fr\/\",\"name\":\"w-l-c\",\"description\":\"Le cin\u00e9ma vu par les belges\",\"potentialAction\":[{\"@type\":\"SearchAction\",\"target\":{\"@type\":\"EntryPoint\",\"urlTemplate\":\"https:\/\/w-l-c.be\/fr\/?s={search_term_string}\"},\"query-input\":\"required name=search_term_string\"}],\"inLanguage\":\"fr-FR\"},{\"@type\":\"Person\",\"@id\":\"https:\/\/w-l-c.be\/fr\/#\/schema\/person\/4b9b1d857f0943453a38a7c2859ef756\",\"name\":\"Philippe.Pierquin\",\"url\":\"https:\/\/w-l-c.be\/fr\/author\/philippe-pierquin\/\"}]}<\/script>\n<!-- \/ Yoast SEO plugin. -->","yoast_head_json":{"title":"Who's in the fridge ? Jay's in the fridge - w-l-c","robots":{"index":"noindex","follow":"follow","max-snippet":"max-snippet:-1","max-image-preview":"max-image-preview:large","max-video-preview":"max-video-preview:-1"},"og_locale":"fr_FR","og_type":"article","og_title":"Who's in the fridge ? Jay's in the fridge - w-l-c","og_description":"Pas d\u2019in\u00e9dit dans le Tout Court de cette semaine, mais l\u2019occasion de revoir, ce soir, sur la Trois, trois courts aux tonalit\u00e9s fort diff\u00e9rentes. Dont Jay parmi les hommes, un de nos chouchous de ces derni\u00e8res ann\u00e9es. Vivement la suite pour Zeno Graton D\u00e8s demain, les films seront visibles pour 7 jours sur l\u2019Auvio de &hellip;","og_url":"https:\/\/w-l-c.be\/fr\/jay-parmi-les-courts\/","og_site_name":"w-l-c","article_published_time":"2016-10-17T08:52:08+00:00","article_modified_time":"2016-10-14T09:08:30+00:00","og_image":[{"width":1200,"height":630,"url":"https:\/\/w-l-c.be\/wp-content\/uploads\/2016\/10\/04_cc760_jay-parmi-les-hommes_04.jpg","type":"image\/jpeg"}],"author":"Philippe.Pierquin","twitter_card":"summary_large_image","twitter_misc":{"\u00c9crit par":"Philippe.Pierquin","Dur\u00e9e de lecture estim\u00e9e":"2 minutes"},"schema":{"@context":"https:\/\/schema.org","@graph":[{"@type":"WebPage","@id":"https:\/\/w-l-c.be\/fr\/jay-parmi-les-courts\/","url":"https:\/\/w-l-c.be\/fr\/jay-parmi-les-courts\/","name":"Who's in the fridge ? Jay's in the fridge - w-l-c","isPartOf":{"@id":"https:\/\/w-l-c.be\/fr\/#website"},"datePublished":"2016-10-17T08:52:08+00:00","dateModified":"2016-10-14T09:08:30+00:00","author":{"@id":"https:\/\/w-l-c.be\/fr\/#\/schema\/person\/4b9b1d857f0943453a38a7c2859ef756"},"breadcrumb":{"@id":"https:\/\/w-l-c.be\/fr\/jay-parmi-les-courts\/#breadcrumb"},"inLanguage":"fr-FR","potentialAction":[{"@type":"ReadAction","target":["https:\/\/w-l-c.be\/fr\/jay-parmi-les-courts\/"]}]},{"@type":"BreadcrumbList","@id":"https:\/\/w-l-c.be\/fr\/jay-parmi-les-courts\/#breadcrumb","itemListElement":[{"@type":"ListItem","position":1,"name":"Accueil","item":"https:\/\/w-l-c.be\/fr\/"},{"@type":"ListItem","position":2,"name":"Who&rsquo;s in the fridge ? Jay&rsquo;s in the fridge"}]},{"@type":"WebSite","@id":"https:\/\/w-l-c.be\/fr\/#website","url":"https:\/\/w-l-c.be\/fr\/","name":"w-l-c","description":"Le cin\u00e9ma vu par les belges","potentialAction":[{"@type":"SearchAction","target":{"@type":"EntryPoint","urlTemplate":"https:\/\/w-l-c.be\/fr\/?s={search_term_string}"},"query-input":"required name=search_term_string"}],"inLanguage":"fr-FR"},{"@type":"Person","@id":"https:\/\/w-l-c.be\/fr\/#\/schema\/person\/4b9b1d857f0943453a38a7c2859ef756","name":"Philippe.Pierquin","url":"https:\/\/w-l-c.be\/fr\/author\/philippe-pierquin\/"}]}},"_links":{"self":[{"href":"https:\/\/w-l-c.be\/fr\/wp-json\/wp\/v2\/posts\/91645","targetHints":{"allow":["GET"]}}],"collection":[{"href":"https:\/\/w-l-c.be\/fr\/wp-json\/wp\/v2\/posts"}],"about":[{"href":"https:\/\/w-l-c.be\/fr\/wp-json\/wp\/v2\/types\/post"}],"author":[{"embeddable":true,"href":"https:\/\/w-l-c.be\/fr\/wp-json\/wp\/v2\/users\/7"}],"replies":[{"embeddable":true,"href":"https:\/\/w-l-c.be\/fr\/wp-json\/wp\/v2\/comments?post=91645"}],"version-history":[{"count":0,"href":"https:\/\/w-l-c.be\/fr\/wp-json\/wp\/v2\/posts\/91645\/revisions"}],"wp:featuredmedia":[{"embeddable":true,"href":"https:\/\/w-l-c.be\/fr\/wp-json\/wp\/v2\/media\/91650"}],"wp:attachment":[{"href":"https:\/\/w-l-c.be\/fr\/wp-json\/wp\/v2\/media?parent=91645"}],"wp:term":[{"taxonomy":"category","embeddable":true,"href":"https:\/\/w-l-c.be\/fr\/wp-json\/wp\/v2\/categories?post=91645"},{"taxonomy":"post_tag","embeddable":true,"href":"https:\/\/w-l-c.be\/fr\/wp-json\/wp\/v2\/tags?post=91645"}],"curies":[{"name":"wp","href":"https:\/\/api.w.org\/{rel}","templated":true}]}}