
{"id":91726,"date":"2016-10-28T07:53:43","date_gmt":"2016-10-28T05:53:43","guid":{"rendered":"http:\/\/www.cinevox.be\/?p=91726"},"modified":"2016-10-24T17:01:58","modified_gmt":"2016-10-24T15:01:58","slug":"le-passe-devant-nous-ultra-moderne-solitude-en-plein-lockdown","status":"publish","type":"post","link":"https:\/\/w-l-c.be\/fr\/le-passe-devant-nous-ultra-moderne-solitude-en-plein-lockdown\/","title":{"rendered":"Le pass\u00e9 devant nous :  ultra-moderne solitude en plein lockdown"},"content":{"rendered":"<p>Premier long-m\u00e9trage de Nathalie Teirlinck, <em>Le Pass\u00e9 Devant Nous<\/em> sortira dans les salles en f\u00e9vrier, mais les spectateurs du FIFF ont eu l\u2019occasion de le d\u00e9couvrir en avant-premi\u00e8re lors d\u2019une journ\u00e9e consacr\u00e9e \u00e0 \u00ab\u00a0l\u2019autre cin\u00e9ma belge\u00a0\u00bb. Car oui, m\u00eame si ce film a \u00e9t\u00e9 tourn\u00e9 en fran\u00e7ais il a \u00e9t\u00e9 produit en Flandre. Un film insaisissable qui entretient la finesse et les \u00e9motions.<!--more--><\/p>\n<p><strong>\u00a0<\/strong><\/p>\n<p>&nbsp;<\/p>\n<p>&nbsp;<\/p>\n<p>Les yeux riv\u00e9s droit devant, chaque pas emmenant la d\u00e9termination crescendo: sur son tapis de course, Alice semble insubmersible, sans faille. Un exemple de force et de vigueur \u00e0 qui rien ne pourrait arriver. Mais peut-\u00eatre n&rsquo;est-ce que l&rsquo;illusion du premier plan? Engouffr\u00e9e dans une vie de call-girl de luxe, Alice (la Canadienne \u00c9velyne Brochu, vue chez Denis Villeneuve, Xavier Dolan ou m\u00eame Cronenberg) cultive les paradoxes.<\/p>\n<p>&nbsp;<\/p>\n<p>Si elle aime faire exister chaque client en lui murmurant qu&rsquo;il est le seul et l&rsquo;unique, ce gars si diff\u00e9rent auquel elle pense tout le temps (un man\u00e8ge r\u00e9p\u00e9t\u00e9 chaque soir), elle s&rsquo;en tient aussi \u00e0 ces phrases bateaux et \u00e0 sa r\u00e9serve naturelle. Un mur pour ne surtout pas s&rsquo;attacher et derri\u00e8re lequel se retrancher. \u00c0 vrai dire, Alice pr\u00e9f\u00e8re les larges murs aux grands espaces dans lesquelles la menace pourrait surgir \u00e0 tout moment. Alors, elle coupe la t\u00e9l\u00e9, coupe la radio, reste dans l&rsquo;obscurit\u00e9, nourrissant de ses peurs et craintes ce cocon protecteur et inhibant. Mais est-on jamais assez arm\u00e9 quand une seule petite br\u00e8che suffit \u00e0 amener le doute et le d\u00e9s\u00e9quilibre ?<\/p>\n<p>&nbsp;<\/p>\n<p><a href=\"http:\/\/www.cinevox.be\/wp-content\/uploads\/2016\/10\/Le-pass\u00e9-devant-nous-Nathalie-Teirlinck-Evelyne-Brochu-Johan-Leysen-photo-Johan-Voets.jpg\"><img loading=\"lazy\" decoding=\"async\" class=\"aligncenter size-large wp-image-91727\" src=\"http:\/\/www.cinevox.be\/wp-content\/uploads\/2016\/10\/Le-pass\u00e9-devant-nous-Nathalie-Teirlinck-Evelyne-Brochu-Johan-Leysen-photo-Johan-Voets-800x449.jpg\" alt=\"\" width=\"640\" height=\"359\" srcset=\"https:\/\/w-l-c.be\/wp-content\/uploads\/2016\/10\/Le-pass\u00e9-devant-nous-Nathalie-Teirlinck-Evelyne-Brochu-Johan-Leysen-photo-Johan-Voets-800x449.jpg 800w, https:\/\/w-l-c.be\/wp-content\/uploads\/2016\/10\/Le-pass\u00e9-devant-nous-Nathalie-Teirlinck-Evelyne-Brochu-Johan-Leysen-photo-Johan-Voets-200x113.jpg 200w, https:\/\/w-l-c.be\/wp-content\/uploads\/2016\/10\/Le-pass\u00e9-devant-nous-Nathalie-Teirlinck-Evelyne-Brochu-Johan-Leysen-photo-Johan-Voets-480x270.jpg 480w, https:\/\/w-l-c.be\/wp-content\/uploads\/2016\/10\/Le-pass\u00e9-devant-nous-Nathalie-Teirlinck-Evelyne-Brochu-Johan-Leysen-photo-Johan-Voets-300x169.jpg 300w, https:\/\/w-l-c.be\/wp-content\/uploads\/2016\/10\/Le-pass\u00e9-devant-nous-Nathalie-Teirlinck-Evelyne-Brochu-Johan-Leysen-photo-Johan-Voets.jpg 1984w\" sizes=\"auto, (max-width: 640px) 100vw, 640px\" \/><\/a><\/p>\n<p>&nbsp;<\/p>\n<p>Comme un coup de t\u00e9l\u00e9phone qui charrie l&rsquo;horreur et l&rsquo;irr\u00e9m\u00e9diable descente aux enfers? Un homme est mort, un b\u00eate accident de la route, mais cet homme Alice l&rsquo;a aim\u00e9 et il lui l\u00e8gue la garde exclusive de Robin (le d\u00e9butant Zuri Fran\u00e7ois qui cr\u00e8ve l&rsquo;\u00e9cran), le petit tr\u00e9sor con\u00e7u lorsque les jours \u00e9taient meilleurs. Un irr\u00e9sistible petit bout de six ans que, d\u00e9sormais, Alice tente de faire passer pour son neveu. Afin de ne pas trahir son statut de m\u00e8re c\u00e9libataire et totalement d\u00e9s\u0153uvr\u00e9e. Un malaise d&rsquo;autant plus lancinant depuis que l&rsquo;impr\u00e9vu est \u00e0 la porte et que les vies vacillent irr\u00e9m\u00e9diablement et irr\u00e9sistiblement. M\u00e8re et fils, ces deux \u00e9trangers arriveront-ils \u00e0 se rencontrer, \u00e0 se retrouver?<\/p>\n<p>&nbsp;<\/p>\n<p><a href=\"http:\/\/www.cinevox.be\/wp-content\/uploads\/2016\/10\/Le-pass\u00e9-devant-nous-Nathalie-Teirlinck-Zuri-Francois-Photo-deFrank-Van-Den-Eeden.jpg\"><img loading=\"lazy\" decoding=\"async\" class=\"aligncenter size-large wp-image-91728\" src=\"http:\/\/www.cinevox.be\/wp-content\/uploads\/2016\/10\/Le-pass\u00e9-devant-nous-Nathalie-Teirlinck-Zuri-Francois-Photo-deFrank-Van-Den-Eeden-800x431.jpg\" alt=\"\" width=\"640\" height=\"344\" srcset=\"https:\/\/w-l-c.be\/wp-content\/uploads\/2016\/10\/Le-pass\u00e9-devant-nous-Nathalie-Teirlinck-Zuri-Francois-Photo-deFrank-Van-Den-Eeden-800x431.jpg 800w, https:\/\/w-l-c.be\/wp-content\/uploads\/2016\/10\/Le-pass\u00e9-devant-nous-Nathalie-Teirlinck-Zuri-Francois-Photo-deFrank-Van-Den-Eeden-480x259.jpg 480w, https:\/\/w-l-c.be\/wp-content\/uploads\/2016\/10\/Le-pass\u00e9-devant-nous-Nathalie-Teirlinck-Zuri-Francois-Photo-deFrank-Van-Den-Eeden.jpg 1920w\" sizes=\"auto, (max-width: 640px) 100vw, 640px\" \/><\/a><\/p>\n<p>&nbsp;<\/p>\n<p>Oh non, encore un film tragico-dramatique sur une m\u00e8re c\u00e9libataire qui tente de surnager dans une sinistre r\u00e9alit\u00e9\u2026<\/p>\n<p>C&rsquo;est vrai, \u00e0 la vue du script, on pourrait douter et m\u00eame \u00eatre r\u00e9fractaires. Alors, oui, il faut s&rsquo;accrocher, s&rsquo;installer dans la salle et laisser la patte et la puissance de la mise en sc\u00e8ne de Nathalie Teirlinck faire le reste. Si la cin\u00e9aste en est \u00e0 son premier long-m\u00e9trage, elle a dans ses bagages une solide exp\u00e9rience (des courts-m\u00e9trages multi-prim\u00e9s, des clips pour des groupes flamands de premier plan&#8230;).<\/p>\n<p>&nbsp;<\/p>\n<p>Assez solide pour que la Gantoise se lance dans une aventure francophone (un pari audacieux quand bon nombre de r\u00e9alisateurs ont t\u00f4t fait de se tourner vers les productions anglo-saxonnes) et apprivoise ses acteurs pour en saisir le meilleur du naturel. Johan Leysen en p\u00e8re qui n&rsquo;a jamais \u00e9t\u00e9 l\u00e0 et l&rsquo;est de moins en moins, la faute \u00e0 Alzheimer. L&rsquo;optimiste et charismatique Eriq Ebouaney en chauffeur de taxi acquis aux p\u00e9rip\u00e9ties d&rsquo;Alice. Arieh Worthalter en figure paternelle rassurante. Yoann Blanc (ndlr. le h\u00e9ros de <em>La Tr\u00e8ve<\/em>) en vicelard repoussant comme il faut. Puis ce couple qui se cherche, \u00c9velyne Brochu toute en fragilit\u00e9 et en retenue et Zuri Fran\u00e7ois tout en exub\u00e9rance. Autant de h\u00e9ros modernes, de personnes qui cherchent leur bonheur \u00e0 travers les malheurs. Privil\u00e9giant l&rsquo;effet miroir, Nathalie r\u00e9ussit \u00e0 accrocher nos \u00e9motions, \u00e0 nous renvoyer \u00e0 nous-m\u00eames face \u00e0 ces personnages que nous pourrions tr\u00e8s bien croiser demain au coin de notre rue. D&rsquo;ailleurs, c&rsquo;est dans un Bruxelles en plein lockdown (un hasard qui participe un peu plus \u00e0 l&rsquo;ambiance anxiog\u00e8ne de ce film) que Nathalie Teirlinck pose ses cam\u00e9ras tout en pr\u00e9servant la pudeur de la ville, en appuyant son anonymat. Le travail de la r\u00e9alisation est fait de pr\u00e9cision&#8230;<\/p>\n<p>&nbsp;<\/p>\n<p><a href=\"http:\/\/www.cinevox.be\/wp-content\/uploads\/2016\/10\/Le-pass\u00e9-devant-nous-Nathalie-Teirlinck-Bruxelles-bureaux.jpg\"><img loading=\"lazy\" decoding=\"async\" class=\"aligncenter size-large wp-image-91729\" src=\"http:\/\/www.cinevox.be\/wp-content\/uploads\/2016\/10\/Le-pass\u00e9-devant-nous-Nathalie-Teirlinck-Bruxelles-bureaux-800x431.jpg\" alt=\"\" width=\"640\" height=\"344\" srcset=\"https:\/\/w-l-c.be\/wp-content\/uploads\/2016\/10\/Le-pass\u00e9-devant-nous-Nathalie-Teirlinck-Bruxelles-bureaux-800x431.jpg 800w, https:\/\/w-l-c.be\/wp-content\/uploads\/2016\/10\/Le-pass\u00e9-devant-nous-Nathalie-Teirlinck-Bruxelles-bureaux-480x259.jpg 480w, https:\/\/w-l-c.be\/wp-content\/uploads\/2016\/10\/Le-pass\u00e9-devant-nous-Nathalie-Teirlinck-Bruxelles-bureaux.jpg 960w\" sizes=\"auto, (max-width: 640px) 100vw, 640px\" \/><\/a><\/p>\n<p>&nbsp;<\/p>\n<p>&#8230; et de po\u00e9sie symbolique. Le diable est dans les d\u00e9tails, et il faut croire que Teirlinck est perfectionniste \u00e0 l&rsquo;extr\u00eame tout en r\u00e9sistant \u00e0 la tentation d&rsquo;appuyer ses \u00e9l\u00e9ments m\u00e9taphoriques: cette radio qui balance ses horreurs (une \u00e9pid\u00e9mie par-ci, un gar\u00e7on emport\u00e9 par une rivi\u00e8re \u00e0 Tihange), une figurine de nageur qu&rsquo;Alice est bien incapable de faire fonctionner, un pigeonneau orphelin qui s&rsquo;\u00e9crase sur son balcon, ce parking souterrain qui ne cesse de tourner, la piscine exutoire o\u00f9 des apprentis sauveteurs rappellent la n\u00e9cessit\u00e9 de sauver des vies, de sauver sa propre vie? Puis il y a ce magn\u00e9tophone pour relier le pass\u00e9 au pr\u00e9sent, symptomatique du titre. Une multitude d&rsquo;\u00e9l\u00e9ments qui auraient pu former un maelstrom ing\u00e9rable pour beaucoup de r\u00e9alisateurs, mais qui s&rsquo;imbriquent ici parfaitement, soutenus par la th\u00e9matique centrale : la communication.<\/p>\n<p>&nbsp;<\/p>\n<p><a href=\"http:\/\/www.cinevox.be\/wp-content\/uploads\/2016\/10\/Le-pass\u00e9-devant-nous-Nathalie-Teirlinck-Evelyne-Brochu-Zuri-Francois.jpg\"><img loading=\"lazy\" decoding=\"async\" class=\"aligncenter size-large wp-image-91731\" src=\"http:\/\/www.cinevox.be\/wp-content\/uploads\/2016\/10\/Le-pass\u00e9-devant-nous-Nathalie-Teirlinck-Evelyne-Brochu-Zuri-Francois-800x433.jpg\" alt=\"\" width=\"640\" height=\"346\" srcset=\"https:\/\/w-l-c.be\/wp-content\/uploads\/2016\/10\/Le-pass\u00e9-devant-nous-Nathalie-Teirlinck-Evelyne-Brochu-Zuri-Francois-800x433.jpg 800w, https:\/\/w-l-c.be\/wp-content\/uploads\/2016\/10\/Le-pass\u00e9-devant-nous-Nathalie-Teirlinck-Evelyne-Brochu-Zuri-Francois-480x260.jpg 480w, https:\/\/w-l-c.be\/wp-content\/uploads\/2016\/10\/Le-pass\u00e9-devant-nous-Nathalie-Teirlinck-Evelyne-Brochu-Zuri-Francois.jpg 960w\" sizes=\"auto, (max-width: 640px) 100vw, 640px\" \/><\/a><\/p>\n<p>&nbsp;<\/p>\n<p>Car dans <em>Le pass\u00e9 devant nous, <\/em>l&rsquo;essentiel est dans le langage : les mensonges, les non-dits, la r\u00e9alit\u00e9 travestie, cette incapacit\u00e9 pour les personnages principaux de se comprendre, le silence qui supplante tout. Puis il y a les sanglots, la col\u00e8re, la r\u00e9signation, autant de gestes muets qui ne trahissent que trop bien le langage d&rsquo;un corps qui ne suit plus, qui n&rsquo;y est plus et dont le c\u0153ur s&rsquo;est arr\u00eat\u00e9 quand son monde s&rsquo;est effondr\u00e9.<\/p>\n<p>&nbsp;<\/p>\n<p>G\u00e9n\u00e9reux dans l&rsquo;effort comme dans l&rsquo;effroi, Nathalie Teirlinck r\u00e9ussit un tour de force \u00e9motionnel, au langage finalement universel, mais avec la d\u00e9sagr\u00e9able impression de nous pousser dans nos derniers retranchements. <em>Le pass\u00e9 devant nous<\/em> est un road trip int\u00e9rieur dont on sort avec les plaies \u00e0 vif, mais aussi avec le sentiment que l&rsquo;aventure n&rsquo;\u00e9tait pas vaine et que l&rsquo;histoire ne s&rsquo;ach\u00e8ve pas quand le g\u00e9n\u00e9rique se d\u00e9roule, mais que le film continue de faire son chemin.<\/p>\n<p>&nbsp;<\/p>\n<p style=\"text-align: right;\"><strong>A.S.<\/strong><\/p>\n<p>&nbsp;<\/p>\n<p>&nbsp;<\/p>\n<p><em>Le pass\u00e9 devant nous<\/em> de Nathalie Teirlinck<\/p>\n<p>Avec\u00a0: Evelyne Brochu, Zuri Francois, Eriq Ebouaney, Arieh Worthalter, Johan Leysen\u2026<\/p>\n<p>Genre\u00a0: Drame<\/p>\n<p>Dur\u00e9e\u00a0: 110 min<\/p>\n<p>Production\u00a0: Savage Films<\/p>\n<p>Pays\u00a0: Belgique<\/p>\n<p>Sortie\u00a0: f\u00e9vrier 2017<\/p>\n<p>&nbsp;<\/p>\n","protected":false},"excerpt":{"rendered":"<p>Premier long-m\u00e9trage de Nathalie Teirlinck, Le Pass\u00e9 Devant Nous sortira dans les salles en f\u00e9vrier, mais les spectateurs du FIFF ont eu l\u2019occasion de le d\u00e9couvrir en avant-premi\u00e8re lors d\u2019une journ\u00e9e consacr\u00e9e \u00e0 \u00ab\u00a0l\u2019autre cin\u00e9ma belge\u00a0\u00bb. Car oui, m\u00eame si ce film a \u00e9t\u00e9 tourn\u00e9 en fran\u00e7ais il a \u00e9t\u00e9 produit en Flandre. Un film &hellip;<\/p>\n","protected":false},"author":7,"featured_media":91733,"comment_status":"closed","ping_status":"closed","sticky":false,"template":"","format":"standard","meta":{"ngg_post_thumbnail":0,"footnotes":""},"categories":[53],"tags":[],"class_list":["post-91726","post","type-post","status-publish","format-standard","has-post-thumbnail","","category-coming-soon"],"yoast_head":"<!-- This site is optimized with the Yoast SEO plugin v20.4 - https:\/\/yoast.com\/wordpress\/plugins\/seo\/ -->\n<title>Le pass\u00e9 devant nous : ultra-moderne solitude en plein lockdown  - w-l-c<\/title>\n<meta name=\"robots\" content=\"noindex, follow, max-snippet:-1, max-image-preview:large, max-video-preview:-1\" \/>\n<meta property=\"og:locale\" content=\"fr_FR\" \/>\n<meta property=\"og:type\" content=\"article\" \/>\n<meta property=\"og:title\" content=\"Le pass\u00e9 devant nous : ultra-moderne solitude en plein lockdown  - w-l-c\" \/>\n<meta property=\"og:description\" content=\"Premier long-m\u00e9trage de Nathalie Teirlinck, Le Pass\u00e9 Devant Nous sortira dans les salles en f\u00e9vrier, mais les spectateurs du FIFF ont eu l\u2019occasion de le d\u00e9couvrir en avant-premi\u00e8re lors d\u2019une journ\u00e9e consacr\u00e9e \u00e0 \u00ab\u00a0l\u2019autre cin\u00e9ma belge\u00a0\u00bb. Car oui, m\u00eame si ce film a \u00e9t\u00e9 tourn\u00e9 en fran\u00e7ais il a \u00e9t\u00e9 produit en Flandre. Un film &hellip;\" \/>\n<meta property=\"og:url\" content=\"https:\/\/w-l-c.be\/fr\/le-passe-devant-nous-ultra-moderne-solitude-en-plein-lockdown\/\" \/>\n<meta property=\"og:site_name\" content=\"w-l-c\" \/>\n<meta property=\"article:published_time\" content=\"2016-10-28T05:53:43+00:00\" \/>\n<meta property=\"article:modified_time\" content=\"2016-10-24T15:01:58+00:00\" \/>\n<meta property=\"og:image\" content=\"https:\/\/w-l-c.be\/wp-content\/uploads\/2010\/11\/Le-pass\u00e9-devant-nous-Nathalie-Teirlinck-Evelyne-Brochu-photo-Johan-Voets.jpg\" \/>\n\t<meta property=\"og:image:width\" content=\"1984\" \/>\n\t<meta property=\"og:image:height\" content=\"1115\" \/>\n\t<meta property=\"og:image:type\" content=\"image\/jpeg\" \/>\n<meta name=\"author\" content=\"Philippe.Pierquin\" \/>\n<meta name=\"twitter:card\" content=\"summary_large_image\" \/>\n<meta name=\"twitter:label1\" content=\"\u00c9crit par\" \/>\n\t<meta name=\"twitter:data1\" content=\"Philippe.Pierquin\" \/>\n\t<meta name=\"twitter:label2\" content=\"Dur\u00e9e de lecture estim\u00e9e\" \/>\n\t<meta name=\"twitter:data2\" content=\"5 minutes\" \/>\n<script type=\"application\/ld+json\" class=\"yoast-schema-graph\">{\"@context\":\"https:\/\/schema.org\",\"@graph\":[{\"@type\":\"WebPage\",\"@id\":\"https:\/\/w-l-c.be\/fr\/le-passe-devant-nous-ultra-moderne-solitude-en-plein-lockdown\/\",\"url\":\"https:\/\/w-l-c.be\/fr\/le-passe-devant-nous-ultra-moderne-solitude-en-plein-lockdown\/\",\"name\":\"Le pass\u00e9 devant nous : ultra-moderne solitude en plein lockdown - w-l-c\",\"isPartOf\":{\"@id\":\"https:\/\/w-l-c.be\/fr\/#website\"},\"datePublished\":\"2016-10-28T05:53:43+00:00\",\"dateModified\":\"2016-10-24T15:01:58+00:00\",\"author\":{\"@id\":\"https:\/\/w-l-c.be\/fr\/#\/schema\/person\/4b9b1d857f0943453a38a7c2859ef756\"},\"breadcrumb\":{\"@id\":\"https:\/\/w-l-c.be\/fr\/le-passe-devant-nous-ultra-moderne-solitude-en-plein-lockdown\/#breadcrumb\"},\"inLanguage\":\"fr-FR\",\"potentialAction\":[{\"@type\":\"ReadAction\",\"target\":[\"https:\/\/w-l-c.be\/fr\/le-passe-devant-nous-ultra-moderne-solitude-en-plein-lockdown\/\"]}]},{\"@type\":\"BreadcrumbList\",\"@id\":\"https:\/\/w-l-c.be\/fr\/le-passe-devant-nous-ultra-moderne-solitude-en-plein-lockdown\/#breadcrumb\",\"itemListElement\":[{\"@type\":\"ListItem\",\"position\":1,\"name\":\"Accueil\",\"item\":\"https:\/\/w-l-c.be\/fr\/\"},{\"@type\":\"ListItem\",\"position\":2,\"name\":\"Le pass\u00e9 devant nous : ultra-moderne solitude en plein lockdown\"}]},{\"@type\":\"WebSite\",\"@id\":\"https:\/\/w-l-c.be\/fr\/#website\",\"url\":\"https:\/\/w-l-c.be\/fr\/\",\"name\":\"w-l-c\",\"description\":\"Le cin\u00e9ma vu par les belges\",\"potentialAction\":[{\"@type\":\"SearchAction\",\"target\":{\"@type\":\"EntryPoint\",\"urlTemplate\":\"https:\/\/w-l-c.be\/fr\/?s={search_term_string}\"},\"query-input\":\"required name=search_term_string\"}],\"inLanguage\":\"fr-FR\"},{\"@type\":\"Person\",\"@id\":\"https:\/\/w-l-c.be\/fr\/#\/schema\/person\/4b9b1d857f0943453a38a7c2859ef756\",\"name\":\"Philippe.Pierquin\",\"url\":\"https:\/\/w-l-c.be\/fr\/author\/philippe-pierquin\/\"}]}<\/script>\n<!-- \/ Yoast SEO plugin. -->","yoast_head_json":{"title":"Le pass\u00e9 devant nous : ultra-moderne solitude en plein lockdown  - w-l-c","robots":{"index":"noindex","follow":"follow","max-snippet":"max-snippet:-1","max-image-preview":"max-image-preview:large","max-video-preview":"max-video-preview:-1"},"og_locale":"fr_FR","og_type":"article","og_title":"Le pass\u00e9 devant nous : ultra-moderne solitude en plein lockdown  - w-l-c","og_description":"Premier long-m\u00e9trage de Nathalie Teirlinck, Le Pass\u00e9 Devant Nous sortira dans les salles en f\u00e9vrier, mais les spectateurs du FIFF ont eu l\u2019occasion de le d\u00e9couvrir en avant-premi\u00e8re lors d\u2019une journ\u00e9e consacr\u00e9e \u00e0 \u00ab\u00a0l\u2019autre cin\u00e9ma belge\u00a0\u00bb. Car oui, m\u00eame si ce film a \u00e9t\u00e9 tourn\u00e9 en fran\u00e7ais il a \u00e9t\u00e9 produit en Flandre. Un film &hellip;","og_url":"https:\/\/w-l-c.be\/fr\/le-passe-devant-nous-ultra-moderne-solitude-en-plein-lockdown\/","og_site_name":"w-l-c","article_published_time":"2016-10-28T05:53:43+00:00","article_modified_time":"2016-10-24T15:01:58+00:00","og_image":[{"width":1984,"height":1115,"url":"https:\/\/w-l-c.be\/wp-content\/uploads\/2010\/11\/Le-pass\u00e9-devant-nous-Nathalie-Teirlinck-Evelyne-Brochu-photo-Johan-Voets.jpg","type":"image\/jpeg"}],"author":"Philippe.Pierquin","twitter_card":"summary_large_image","twitter_misc":{"\u00c9crit par":"Philippe.Pierquin","Dur\u00e9e de lecture estim\u00e9e":"5 minutes"},"schema":{"@context":"https:\/\/schema.org","@graph":[{"@type":"WebPage","@id":"https:\/\/w-l-c.be\/fr\/le-passe-devant-nous-ultra-moderne-solitude-en-plein-lockdown\/","url":"https:\/\/w-l-c.be\/fr\/le-passe-devant-nous-ultra-moderne-solitude-en-plein-lockdown\/","name":"Le pass\u00e9 devant nous : ultra-moderne solitude en plein lockdown - w-l-c","isPartOf":{"@id":"https:\/\/w-l-c.be\/fr\/#website"},"datePublished":"2016-10-28T05:53:43+00:00","dateModified":"2016-10-24T15:01:58+00:00","author":{"@id":"https:\/\/w-l-c.be\/fr\/#\/schema\/person\/4b9b1d857f0943453a38a7c2859ef756"},"breadcrumb":{"@id":"https:\/\/w-l-c.be\/fr\/le-passe-devant-nous-ultra-moderne-solitude-en-plein-lockdown\/#breadcrumb"},"inLanguage":"fr-FR","potentialAction":[{"@type":"ReadAction","target":["https:\/\/w-l-c.be\/fr\/le-passe-devant-nous-ultra-moderne-solitude-en-plein-lockdown\/"]}]},{"@type":"BreadcrumbList","@id":"https:\/\/w-l-c.be\/fr\/le-passe-devant-nous-ultra-moderne-solitude-en-plein-lockdown\/#breadcrumb","itemListElement":[{"@type":"ListItem","position":1,"name":"Accueil","item":"https:\/\/w-l-c.be\/fr\/"},{"@type":"ListItem","position":2,"name":"Le pass\u00e9 devant nous : ultra-moderne solitude en plein lockdown"}]},{"@type":"WebSite","@id":"https:\/\/w-l-c.be\/fr\/#website","url":"https:\/\/w-l-c.be\/fr\/","name":"w-l-c","description":"Le cin\u00e9ma vu par les belges","potentialAction":[{"@type":"SearchAction","target":{"@type":"EntryPoint","urlTemplate":"https:\/\/w-l-c.be\/fr\/?s={search_term_string}"},"query-input":"required name=search_term_string"}],"inLanguage":"fr-FR"},{"@type":"Person","@id":"https:\/\/w-l-c.be\/fr\/#\/schema\/person\/4b9b1d857f0943453a38a7c2859ef756","name":"Philippe.Pierquin","url":"https:\/\/w-l-c.be\/fr\/author\/philippe-pierquin\/"}]}},"_links":{"self":[{"href":"https:\/\/w-l-c.be\/fr\/wp-json\/wp\/v2\/posts\/91726","targetHints":{"allow":["GET"]}}],"collection":[{"href":"https:\/\/w-l-c.be\/fr\/wp-json\/wp\/v2\/posts"}],"about":[{"href":"https:\/\/w-l-c.be\/fr\/wp-json\/wp\/v2\/types\/post"}],"author":[{"embeddable":true,"href":"https:\/\/w-l-c.be\/fr\/wp-json\/wp\/v2\/users\/7"}],"replies":[{"embeddable":true,"href":"https:\/\/w-l-c.be\/fr\/wp-json\/wp\/v2\/comments?post=91726"}],"version-history":[{"count":0,"href":"https:\/\/w-l-c.be\/fr\/wp-json\/wp\/v2\/posts\/91726\/revisions"}],"wp:featuredmedia":[{"embeddable":true,"href":"https:\/\/w-l-c.be\/fr\/wp-json\/wp\/v2\/media\/91733"}],"wp:attachment":[{"href":"https:\/\/w-l-c.be\/fr\/wp-json\/wp\/v2\/media?parent=91726"}],"wp:term":[{"taxonomy":"category","embeddable":true,"href":"https:\/\/w-l-c.be\/fr\/wp-json\/wp\/v2\/categories?post=91726"},{"taxonomy":"post_tag","embeddable":true,"href":"https:\/\/w-l-c.be\/fr\/wp-json\/wp\/v2\/tags?post=91726"}],"curies":[{"name":"wp","href":"https:\/\/api.w.org\/{rel}","templated":true}]}}