
{"id":92109,"date":"2016-11-25T07:37:03","date_gmt":"2016-11-25T06:37:03","guid":{"rendered":"http:\/\/www.cinevox.be\/?p=92109"},"modified":"2017-05-16T19:48:21","modified_gmt":"2017-05-16T17:48:21","slug":"la-fin-du-mois-de-decembre-noel-le-reveillon-de-nouvel-an-et-le-be-film-festival","status":"publish","type":"post","link":"https:\/\/w-l-c.be\/fr\/la-fin-du-mois-de-decembre-noel-le-reveillon-de-nouvel-an-et-le-be-film-festival\/","title":{"rendered":"La fin du mois de d\u00e9cembre\u00a0? No\u00ebl, le r\u00e9veillon de nouvel-an\u2026 et le Be Film Festival."},"content":{"rendered":"<p>Sans surprise, le Be Film Festival nous revient dans un mois pour une douzi\u00e8me \u00e9dition afin de c\u00e9l\u00e9brer les f\u00eates de fin d\u2019ann\u00e9e en compagnie des grands noms du cin\u00e9ma belge. Ceux qui fr\u00e9quentent la manifestation le savent bien\u00a0: elle permet \u00e0 tous les professionnels belges de se c\u00f4toyer en toute d\u00e9contraction et de rencontrer les plus cin\u00e9phages des cin\u00e9philes belges autour d\u2019un verre et d\u2019une bonne discussion \u00e0 b\u00e2tons rompus.<!--more--><\/p>\n<p>&nbsp;<\/p>\n<p>Pour plus de plaisir, les festivit\u00e9s commenceront cette fois d\u00e8s le 22 d\u00e9cembre. Elles se poursuivront jusqu\u2019au 30 pour boucler l\u2019ann\u00e9e sous les meilleurs auspices.<\/p>\n<p>&nbsp;<\/p>\n<p><a href=\"http:\/\/www.cinevox.be\/wp-content\/uploads\/2016\/11\/be-film-festival.jpg\"><img loading=\"lazy\" decoding=\"async\" class=\"alignright size-large wp-image-92110\" src=\"http:\/\/www.cinevox.be\/wp-content\/uploads\/2016\/11\/be-film-festival-462x600.jpg\" alt=\"\" width=\"462\" height=\"600\" srcset=\"https:\/\/w-l-c.be\/wp-content\/uploads\/2016\/11\/be-film-festival-462x600.jpg 462w, https:\/\/w-l-c.be\/wp-content\/uploads\/2016\/11\/be-film-festival-208x270.jpg 208w, https:\/\/w-l-c.be\/wp-content\/uploads\/2016\/11\/be-film-festival.jpg 911w\" sizes=\"auto, (max-width: 462px) 100vw, 462px\" \/><\/a>Pour ne pas d\u00e9roger \u00e0 la tradition, le Be Film festival vous fera d\u00e9couvrir en avant-premi\u00e8res de nouveaux films prometteurs et red\u00e9couvrir le meilleur du best of du cin\u00e9ma belge du Nord et du Sud \u00e0 travers des r\u00e9trospectives toujours pertinentes. Au menu\u00a0: du rire, de la po\u00e9sie, du drame, de l\u2019adr\u00e9naline au BOZAR et \u00e0 la CINEMATEK.<\/p>\n<p>Bien entendu, en plus des projections, le festival organise des DJ sets et des concerts pour c\u00e9l\u00e9brer dignement cette p\u00e9riode l\u00e9g\u00e8re.<\/p>\n<p>&nbsp;<\/p>\n<p>Jusque-l\u00e0, que du (bon) classique. La nouveaut\u00e9 est ailleurs\u00a0: le Be Film Festival s\u2019investit pour la premi\u00e8re fois dans la cr\u00e9ation et la diffusion du cin\u00e9ma belge \u00e0 l\u2019international en proposant des workshops aux professionnels. Les 21 et 22 d\u00e9cembre, le premier forum de coproduction permettra des rencontres entre producteurs belges et producteurs europ\u00e9ens qui se concluront (si tout va bien) sur des contrats de coproduction.<\/p>\n<p>Des programmateurs de festivals \u00e9trangers seront \u00e9galement invit\u00e9s afin de visionner des films belges en vue de prochaines programmations dans leurs festivals.<\/p>\n<p>&nbsp;<\/p>\n<p><a href=\"http:\/\/www.cinevox.be\/wp-content\/uploads\/2016\/11\/FPLD.jpg\"><img loading=\"lazy\" decoding=\"async\" class=\"aligncenter size-large wp-image-92633\" src=\"http:\/\/www.cinevox.be\/wp-content\/uploads\/2016\/11\/FPLD-800x450.jpg\" alt=\"\" width=\"640\" height=\"360\" srcset=\"https:\/\/w-l-c.be\/wp-content\/uploads\/2016\/11\/FPLD-800x450.jpg 800w, https:\/\/w-l-c.be\/wp-content\/uploads\/2016\/11\/FPLD-200x113.jpg 200w, https:\/\/w-l-c.be\/wp-content\/uploads\/2016\/11\/FPLD-480x270.jpg 480w, https:\/\/w-l-c.be\/wp-content\/uploads\/2016\/11\/FPLD-300x169.jpg 300w, https:\/\/w-l-c.be\/wp-content\/uploads\/2016\/11\/FPLD-620x350.jpg 620w, https:\/\/w-l-c.be\/wp-content\/uploads\/2016\/11\/FPLD.jpg 1280w\" sizes=\"auto, (max-width: 640px) 100vw, 640px\" \/><\/a><\/p>\n<p>&nbsp;<\/p>\n<p>Plusieurs films sont, \u00e0 l&rsquo;heure actuelle, d\u00e9j\u00e0 confirm\u00e9s au line-up. Pour l&rsquo;ouverture, le 22 d\u00e9cembre, le Be Film a mis en plein dans le mille en nous proposant un des films les plus all\u00e9chants du d\u00e9but 2016: Faut pas lui dire de Solange Cicurel. Un premier long m\u00e9trage, certes, mais atypique puisque nous allons d\u00e9couvrir une com\u00e9die romantique avec un casting \u00e9patant: compos\u00e9 de St\u00e9phanie Crayencour, Tania Garbarski, Camille Chamoux et&#8230; Jenifer Bartoli.<br \/>\nComme le BeFF s&rsquo;offrira un petit break les 24 et 25 pour des raisons \u00e9videntes, il reprendra sur un sch\u00e9ma plus traditionnel d\u00e8s le 26 avec&#8230; une r\u00e9ouverture. le concept devait \u00eatre invent\u00e9. On n&rsquo;est pas surpris que ce soit le Belgique qui en porte la paternit\u00e9.<\/p>\n<p>&nbsp;<\/p>\n<p><a href=\"http:\/\/www.cinevox.be\/wp-content\/uploads\/2016\/11\/sonar.jpg\"><img loading=\"lazy\" decoding=\"async\" class=\"aligncenter size-full wp-image-92634\" src=\"http:\/\/www.cinevox.be\/wp-content\/uploads\/2016\/11\/sonar.jpg\" alt=\"\" width=\"700\" height=\"376\" srcset=\"https:\/\/w-l-c.be\/wp-content\/uploads\/2016\/11\/sonar.jpg 700w, https:\/\/w-l-c.be\/wp-content\/uploads\/2016\/11\/sonar-480x257.jpg 480w\" sizes=\"auto, (max-width: 700px) 100vw, 700px\" \/><\/a><\/p>\n<p>&nbsp;<\/p>\n<p>Pour cette r\u00e9ouverture, les organisateurs ont choisi Sonar, premier long m\u00e9trage de Jean-Philippe Martin avec \u00a0Baptiste Sornin, Emin\u00e9 Meyrem, Naidra Ayadi et Bernie Bonvoisin (oui, le chanteur de Trust, par ailleurs r\u00e9alisateur de trois longs m\u00e9trages). Pour rappel, la premi\u00e8re belge de Sonar a eu lieu au FIFF o\u00f9 le film concourrait notamment pour le prix Cinevox.<\/p>\n<p>Enfin, alors qu&rsquo;on attend le d\u00e9tail de la programmation, on a d\u00e9j\u00e0 rep\u00e9r\u00e9 sur le site officiel neuf affiches de films sortis durant l&rsquo;ann\u00e9e et qui seront repropos\u00e9s dans des conditions optimales. Tous des films qui concourent dans une section ou l&rsquo;autre pour les Magritte 2017.<\/p>\n<p>&nbsp;<\/p>\n<p><a href=\"http:\/\/www.cinevox.be\/wp-content\/uploads\/2016\/11\/2016-11-21_15h49_13.png\"><img loading=\"lazy\" decoding=\"async\" class=\"aligncenter size-large wp-image-92635\" src=\"http:\/\/www.cinevox.be\/wp-content\/uploads\/2016\/11\/2016-11-21_15h49_13-440x600.png\" alt=\"\" width=\"440\" height=\"600\" srcset=\"https:\/\/w-l-c.be\/wp-content\/uploads\/2016\/11\/2016-11-21_15h49_13-440x600.png 440w, https:\/\/w-l-c.be\/wp-content\/uploads\/2016\/11\/2016-11-21_15h49_13-198x270.png 198w, https:\/\/w-l-c.be\/wp-content\/uploads\/2016\/11\/2016-11-21_15h49_13.png 645w\" sizes=\"auto, (max-width: 440px) 100vw, 440px\" \/><\/a><\/p>\n<p>&nbsp;<\/p>\n<p>&nbsp;<\/p>\n<p>Autant dire que si votre agenda n\u2019est pas trop surcharg\u00e9 d\u2019incontournables obligations familiales \u00e0 cette p\u00e9riode, le Be Film festival s\u2019impose encore un peu plus comme un des musts de l\u2019actualit\u00e9 cin\u00e9matographique belge. On risque de s\u2019y croiser\u2026<\/p>\n","protected":false},"excerpt":{"rendered":"<p>Sans surprise, le Be Film Festival nous revient dans un mois pour une douzi\u00e8me \u00e9dition afin de c\u00e9l\u00e9brer les f\u00eates de fin d\u2019ann\u00e9e en compagnie des grands noms du cin\u00e9ma belge. Ceux qui fr\u00e9quentent la manifestation le savent bien\u00a0: elle permet \u00e0 tous les professionnels belges de se c\u00f4toyer en toute d\u00e9contraction et de rencontrer &hellip;<\/p>\n","protected":false},"author":7,"featured_media":92112,"comment_status":"closed","ping_status":"closed","sticky":false,"template":"","format":"standard","meta":{"ngg_post_thumbnail":0,"footnotes":""},"categories":[12],"tags":[],"class_list":["post-92109","post","type-post","status-publish","format-standard","has-post-thumbnail","","category-awards"],"yoast_head":"<!-- This site is optimized with the Yoast SEO plugin v20.4 - https:\/\/yoast.com\/wordpress\/plugins\/seo\/ -->\n<title>La fin du mois de d\u00e9cembre\u00a0? No\u00ebl, le r\u00e9veillon de nouvel-an\u2026 et le Be Film Festival. - w-l-c<\/title>\n<meta name=\"robots\" content=\"noindex, follow, max-snippet:-1, max-image-preview:large, max-video-preview:-1\" \/>\n<meta property=\"og:locale\" content=\"fr_FR\" \/>\n<meta property=\"og:type\" content=\"article\" \/>\n<meta property=\"og:title\" content=\"La fin du mois de d\u00e9cembre\u00a0? No\u00ebl, le r\u00e9veillon de nouvel-an\u2026 et le Be Film Festival. - w-l-c\" \/>\n<meta property=\"og:description\" content=\"Sans surprise, le Be Film Festival nous revient dans un mois pour une douzi\u00e8me \u00e9dition afin de c\u00e9l\u00e9brer les f\u00eates de fin d\u2019ann\u00e9e en compagnie des grands noms du cin\u00e9ma belge. Ceux qui fr\u00e9quentent la manifestation le savent bien\u00a0: elle permet \u00e0 tous les professionnels belges de se c\u00f4toyer en toute d\u00e9contraction et de rencontrer &hellip;\" \/>\n<meta property=\"og:url\" content=\"https:\/\/w-l-c.be\/fr\/la-fin-du-mois-de-decembre-noel-le-reveillon-de-nouvel-an-et-le-be-film-festival\/\" \/>\n<meta property=\"og:site_name\" content=\"w-l-c\" \/>\n<meta property=\"article:published_time\" content=\"2016-11-25T06:37:03+00:00\" \/>\n<meta property=\"article:modified_time\" content=\"2017-05-16T17:48:21+00:00\" \/>\n<meta property=\"og:image\" content=\"https:\/\/w-l-c.be\/wp-content\/uploads\/2010\/11\/Sapin-1.jpg\" \/>\n\t<meta property=\"og:image:width\" content=\"1920\" \/>\n\t<meta property=\"og:image:height\" content=\"1080\" \/>\n\t<meta property=\"og:image:type\" content=\"image\/jpeg\" \/>\n<meta name=\"author\" content=\"Philippe.Pierquin\" \/>\n<meta name=\"twitter:card\" content=\"summary_large_image\" \/>\n<meta name=\"twitter:label1\" content=\"\u00c9crit par\" \/>\n\t<meta name=\"twitter:data1\" content=\"Philippe.Pierquin\" \/>\n\t<meta name=\"twitter:label2\" content=\"Dur\u00e9e de lecture estim\u00e9e\" \/>\n\t<meta name=\"twitter:data2\" content=\"3 minutes\" \/>\n<script type=\"application\/ld+json\" class=\"yoast-schema-graph\">{\"@context\":\"https:\/\/schema.org\",\"@graph\":[{\"@type\":\"WebPage\",\"@id\":\"https:\/\/w-l-c.be\/fr\/la-fin-du-mois-de-decembre-noel-le-reveillon-de-nouvel-an-et-le-be-film-festival\/\",\"url\":\"https:\/\/w-l-c.be\/fr\/la-fin-du-mois-de-decembre-noel-le-reveillon-de-nouvel-an-et-le-be-film-festival\/\",\"name\":\"La fin du mois de d\u00e9cembre\u00a0? No\u00ebl, le r\u00e9veillon de nouvel-an\u2026 et le Be Film Festival. - w-l-c\",\"isPartOf\":{\"@id\":\"https:\/\/w-l-c.be\/fr\/#website\"},\"datePublished\":\"2016-11-25T06:37:03+00:00\",\"dateModified\":\"2017-05-16T17:48:21+00:00\",\"author\":{\"@id\":\"https:\/\/w-l-c.be\/fr\/#\/schema\/person\/4b9b1d857f0943453a38a7c2859ef756\"},\"breadcrumb\":{\"@id\":\"https:\/\/w-l-c.be\/fr\/la-fin-du-mois-de-decembre-noel-le-reveillon-de-nouvel-an-et-le-be-film-festival\/#breadcrumb\"},\"inLanguage\":\"fr-FR\",\"potentialAction\":[{\"@type\":\"ReadAction\",\"target\":[\"https:\/\/w-l-c.be\/fr\/la-fin-du-mois-de-decembre-noel-le-reveillon-de-nouvel-an-et-le-be-film-festival\/\"]}]},{\"@type\":\"BreadcrumbList\",\"@id\":\"https:\/\/w-l-c.be\/fr\/la-fin-du-mois-de-decembre-noel-le-reveillon-de-nouvel-an-et-le-be-film-festival\/#breadcrumb\",\"itemListElement\":[{\"@type\":\"ListItem\",\"position\":1,\"name\":\"Accueil\",\"item\":\"https:\/\/w-l-c.be\/fr\/\"},{\"@type\":\"ListItem\",\"position\":2,\"name\":\"La fin du mois de d\u00e9cembre\u00a0? No\u00ebl, le r\u00e9veillon de nouvel-an\u2026 et le Be Film Festival.\"}]},{\"@type\":\"WebSite\",\"@id\":\"https:\/\/w-l-c.be\/fr\/#website\",\"url\":\"https:\/\/w-l-c.be\/fr\/\",\"name\":\"w-l-c\",\"description\":\"Le cin\u00e9ma vu par les belges\",\"potentialAction\":[{\"@type\":\"SearchAction\",\"target\":{\"@type\":\"EntryPoint\",\"urlTemplate\":\"https:\/\/w-l-c.be\/fr\/?s={search_term_string}\"},\"query-input\":\"required name=search_term_string\"}],\"inLanguage\":\"fr-FR\"},{\"@type\":\"Person\",\"@id\":\"https:\/\/w-l-c.be\/fr\/#\/schema\/person\/4b9b1d857f0943453a38a7c2859ef756\",\"name\":\"Philippe.Pierquin\",\"url\":\"https:\/\/w-l-c.be\/fr\/author\/philippe-pierquin\/\"}]}<\/script>\n<!-- \/ Yoast SEO plugin. -->","yoast_head_json":{"title":"La fin du mois de d\u00e9cembre\u00a0? No\u00ebl, le r\u00e9veillon de nouvel-an\u2026 et le Be Film Festival. - w-l-c","robots":{"index":"noindex","follow":"follow","max-snippet":"max-snippet:-1","max-image-preview":"max-image-preview:large","max-video-preview":"max-video-preview:-1"},"og_locale":"fr_FR","og_type":"article","og_title":"La fin du mois de d\u00e9cembre\u00a0? No\u00ebl, le r\u00e9veillon de nouvel-an\u2026 et le Be Film Festival. - w-l-c","og_description":"Sans surprise, le Be Film Festival nous revient dans un mois pour une douzi\u00e8me \u00e9dition afin de c\u00e9l\u00e9brer les f\u00eates de fin d\u2019ann\u00e9e en compagnie des grands noms du cin\u00e9ma belge. Ceux qui fr\u00e9quentent la manifestation le savent bien\u00a0: elle permet \u00e0 tous les professionnels belges de se c\u00f4toyer en toute d\u00e9contraction et de rencontrer &hellip;","og_url":"https:\/\/w-l-c.be\/fr\/la-fin-du-mois-de-decembre-noel-le-reveillon-de-nouvel-an-et-le-be-film-festival\/","og_site_name":"w-l-c","article_published_time":"2016-11-25T06:37:03+00:00","article_modified_time":"2017-05-16T17:48:21+00:00","og_image":[{"width":1920,"height":1080,"url":"https:\/\/w-l-c.be\/wp-content\/uploads\/2010\/11\/Sapin-1.jpg","type":"image\/jpeg"}],"author":"Philippe.Pierquin","twitter_card":"summary_large_image","twitter_misc":{"\u00c9crit par":"Philippe.Pierquin","Dur\u00e9e de lecture estim\u00e9e":"3 minutes"},"schema":{"@context":"https:\/\/schema.org","@graph":[{"@type":"WebPage","@id":"https:\/\/w-l-c.be\/fr\/la-fin-du-mois-de-decembre-noel-le-reveillon-de-nouvel-an-et-le-be-film-festival\/","url":"https:\/\/w-l-c.be\/fr\/la-fin-du-mois-de-decembre-noel-le-reveillon-de-nouvel-an-et-le-be-film-festival\/","name":"La fin du mois de d\u00e9cembre\u00a0? No\u00ebl, le r\u00e9veillon de nouvel-an\u2026 et le Be Film Festival. - w-l-c","isPartOf":{"@id":"https:\/\/w-l-c.be\/fr\/#website"},"datePublished":"2016-11-25T06:37:03+00:00","dateModified":"2017-05-16T17:48:21+00:00","author":{"@id":"https:\/\/w-l-c.be\/fr\/#\/schema\/person\/4b9b1d857f0943453a38a7c2859ef756"},"breadcrumb":{"@id":"https:\/\/w-l-c.be\/fr\/la-fin-du-mois-de-decembre-noel-le-reveillon-de-nouvel-an-et-le-be-film-festival\/#breadcrumb"},"inLanguage":"fr-FR","potentialAction":[{"@type":"ReadAction","target":["https:\/\/w-l-c.be\/fr\/la-fin-du-mois-de-decembre-noel-le-reveillon-de-nouvel-an-et-le-be-film-festival\/"]}]},{"@type":"BreadcrumbList","@id":"https:\/\/w-l-c.be\/fr\/la-fin-du-mois-de-decembre-noel-le-reveillon-de-nouvel-an-et-le-be-film-festival\/#breadcrumb","itemListElement":[{"@type":"ListItem","position":1,"name":"Accueil","item":"https:\/\/w-l-c.be\/fr\/"},{"@type":"ListItem","position":2,"name":"La fin du mois de d\u00e9cembre\u00a0? No\u00ebl, le r\u00e9veillon de nouvel-an\u2026 et le Be Film Festival."}]},{"@type":"WebSite","@id":"https:\/\/w-l-c.be\/fr\/#website","url":"https:\/\/w-l-c.be\/fr\/","name":"w-l-c","description":"Le cin\u00e9ma vu par les belges","potentialAction":[{"@type":"SearchAction","target":{"@type":"EntryPoint","urlTemplate":"https:\/\/w-l-c.be\/fr\/?s={search_term_string}"},"query-input":"required name=search_term_string"}],"inLanguage":"fr-FR"},{"@type":"Person","@id":"https:\/\/w-l-c.be\/fr\/#\/schema\/person\/4b9b1d857f0943453a38a7c2859ef756","name":"Philippe.Pierquin","url":"https:\/\/w-l-c.be\/fr\/author\/philippe-pierquin\/"}]}},"_links":{"self":[{"href":"https:\/\/w-l-c.be\/fr\/wp-json\/wp\/v2\/posts\/92109","targetHints":{"allow":["GET"]}}],"collection":[{"href":"https:\/\/w-l-c.be\/fr\/wp-json\/wp\/v2\/posts"}],"about":[{"href":"https:\/\/w-l-c.be\/fr\/wp-json\/wp\/v2\/types\/post"}],"author":[{"embeddable":true,"href":"https:\/\/w-l-c.be\/fr\/wp-json\/wp\/v2\/users\/7"}],"replies":[{"embeddable":true,"href":"https:\/\/w-l-c.be\/fr\/wp-json\/wp\/v2\/comments?post=92109"}],"version-history":[{"count":0,"href":"https:\/\/w-l-c.be\/fr\/wp-json\/wp\/v2\/posts\/92109\/revisions"}],"wp:featuredmedia":[{"embeddable":true,"href":"https:\/\/w-l-c.be\/fr\/wp-json\/wp\/v2\/media\/92112"}],"wp:attachment":[{"href":"https:\/\/w-l-c.be\/fr\/wp-json\/wp\/v2\/media?parent=92109"}],"wp:term":[{"taxonomy":"category","embeddable":true,"href":"https:\/\/w-l-c.be\/fr\/wp-json\/wp\/v2\/categories?post=92109"},{"taxonomy":"post_tag","embeddable":true,"href":"https:\/\/w-l-c.be\/fr\/wp-json\/wp\/v2\/tags?post=92109"}],"curies":[{"name":"wp","href":"https:\/\/api.w.org\/{rel}","templated":true}]}}