
{"id":92702,"date":"2016-11-24T18:16:34","date_gmt":"2016-11-24T17:16:34","guid":{"rendered":"http:\/\/www.cinevox.be\/?p=92702"},"modified":"2016-11-24T20:57:03","modified_gmt":"2016-11-24T19:57:03","slug":"92702","status":"publish","type":"post","link":"https:\/\/w-l-c.be\/fr\/92702\/","title":{"rendered":"Dode Hoek\/Angle Mort : la bande-annonce"},"content":{"rendered":"<p><strong>Apr\u00e8s <em>Les Barons<\/em><\/strong><strong> (2009) et <em>La Marche<\/em> (2013), Nabil Ben Yadir a tourn\u00e9 son troisi\u00e8me film, <em>Angle Mort (Dode Hoek),<\/em> en mars et avril derniers. Nous avons pr\u00e9sent\u00e9 une capsule enti\u00e8rement d\u00e9di\u00e9e au film dans les salles\u00a0de cin\u00e9ma en septembre (<a href=\"http:\/\/www.cinevox.be\/cinevox-54-septembreoctobre-2016-dode-hoek\" target=\"_blank\">ICI<\/a>). Aujourd&rsquo;hui c&rsquo;est l&rsquo;affiche et le trailer de ce thriller cinglant qui se d\u00e9roule \u00e0 Charleroi et \u00e0 Anvers qui viennent d\u2019\u00eatre d\u00e9voil\u00e9es\u00a0! <\/strong><br \/>\n<!--more--><\/p>\n<p>&nbsp;<\/p>\n<p>Pari audacieux, <strong><em>Angle Mort<\/em> <em>(Dode Hoek)<\/em><\/strong> s\u2019annonce comme une grande premi\u00e8re pour le cin\u00e9aste bruxellois qui s\u2019offre un casting \u00e0 la fois flamand et francophone dans un film de genre 100% belge, tourn\u00e9 dans les deux langues et s\u2019adressant aux spectateurs des deux c\u00f4t\u00e9s de la fronti\u00e8re linguistique.<br \/>\nPour ce troisi\u00e8me long m\u00e9trage, <strong>Nabil Ben Yadir <\/strong>a r\u00e9uni dans les r\u00f4les principaux\u00a0: <strong>Peter Van den Begin<\/strong> (<em>Waste Land<\/em>, <em>Everybody Happy<\/em>), <strong>David Murgia <\/strong>(<em>Le Tout Nouveau Testament<\/em>, <em>Rundskop<\/em>, <em>Les Premiers Les Derniers<\/em>), <strong>Jan Decleir <\/strong>(<em>Les Barons<\/em>, <em>Daens<\/em>, <em>La M\u00e9moire du Tueur<\/em>), <strong>Soufiane Chilah<\/strong> (le fr\u00e8re de Marwan dans <em>Black<\/em>), <strong>Ruth Becquart<\/strong>(<em>Clan<\/em>, <em>Wat Mannen Willen<\/em>), <strong>Bert Haelvoet <\/strong>(<em>La Merditude des Choses<\/em>) ou encore <strong>Tibo Vandenborre <\/strong>(<em>Brak<\/em>, <em>L\u2019\u00e9conomie du couple<\/em>).<\/p>\n<p><em>Angle Mort<\/em> <em>(Dode Hoek)<\/em> relate l\u2019histoire de Jan Verbeeck, un commissaire intransigeant de la brigade des stups \u00e0 Anvers. R\u00e9put\u00e9 comme \u2018Mr Tol\u00e9rance Z\u00e9ro\u2019, il est extr\u00eamement populaire aupr\u00e8s de la population et des m\u00e9dias. Le pays est en \u00e9moi quand, juste avant les \u00e9lections, il annonce sa d\u00e9mission pour rejoindre le parti d\u2019extr\u00eame droite VPV. Lors de son dernier jour dans la police, une enqu\u00eate le m\u00e8ne \u00e0 Charleroi o\u00f9 une descente dans un labo clandestin d\u00e9clenche une s\u00e9rie d\u2019\u00e9v\u00e9nements impr\u00e9visibles et fatals.<\/p>\n<p>Le film est produit par Nabil Ben Yadir (Antilope Joyeuse), Peter Bouckaert (Eyeworks Film &amp; TV Drama) et Beno\u00eet Roland (Wrong Men), en coproduction avec VTM et Proximus. La photographie est sign\u00e9e Robrecht Heyvaert (<em>D\u2019Ardennen<\/em>, <em>Black<\/em>, <em>Everybody Happy<\/em>), tandis que le sc\u00e9nario a \u00e9t\u00e9 \u00e9crit par Nabil Ben Yadir et Laurent Brandenbourger, avec la participation de Michel Sabbe.<\/p>\n<p>Le film a re\u00e7u le soutien du Stap Programma de Telenet, du Centre du Cin\u00e9ma et de l\u2019audiovisuel de la F\u00e9d\u00e9ration Wallonie-Bruxelles, de Screen Flanders, du Fonds Audiovisuel Flamand (VAF), de la R\u00e9gion de Bruxelles-Capitale et du Tax-shelter belge pour le financement du film, en collaboration avec SCIO Productions, Kinepolis Film Distribution et RTL.<\/p>\n<p>Distribu\u00e9 par KFD,<em> Angle Mort (Dode Hoek)<\/em> sortira dans les salles belges <strong>d\u00e8s le 25 janvier 2017<\/strong>. Le film sera projet\u00e9\u00a0en version originale sous-titr\u00e9e bilingue mais \u00e9galement\u00a0en version doubl\u00e9e en fran\u00e7ais.<\/p>\n<p>&nbsp;<\/p>\n<p><a href=\"http:\/\/www.cinevox.be\/wp-content\/uploads\/2016\/11\/AngleMort-poster-HR.jpg\"><img loading=\"lazy\" decoding=\"async\" class=\"aligncenter wp-image-92703 size-large\" src=\"http:\/\/www.cinevox.be\/wp-content\/uploads\/2016\/11\/AngleMort-poster-HR-400x600.jpg\" alt=\"\" width=\"400\" height=\"600\" srcset=\"https:\/\/w-l-c.be\/wp-content\/uploads\/2016\/11\/AngleMort-poster-HR-400x600.jpg 400w, https:\/\/w-l-c.be\/wp-content\/uploads\/2016\/11\/AngleMort-poster-HR-180x270.jpg 180w\" sizes=\"auto, (max-width: 400px) 100vw, 400px\" \/><\/a><\/p>\n","protected":false},"excerpt":{"rendered":"<p>Apr\u00e8s Les Barons (2009) et La Marche (2013), Nabil Ben Yadir a tourn\u00e9 son troisi\u00e8me film, Angle Mort (Dode Hoek), en mars et avril derniers. Nous avons pr\u00e9sent\u00e9 une capsule enti\u00e8rement d\u00e9di\u00e9e au film dans les salles\u00a0de cin\u00e9ma en septembre (ICI). Aujourd&rsquo;hui c&rsquo;est l&rsquo;affiche et le trailer de ce thriller cinglant qui se d\u00e9roule \u00e0 &hellip;<\/p>\n","protected":false},"author":7,"featured_media":92704,"comment_status":"closed","ping_status":"closed","sticky":false,"template":"","format":"standard","meta":{"ngg_post_thumbnail":0,"footnotes":""},"categories":[53],"tags":[],"class_list":["post-92702","post","type-post","status-publish","format-standard","has-post-thumbnail","","category-coming-soon"],"yoast_head":"<!-- This site is optimized with the Yoast SEO plugin v20.4 - https:\/\/yoast.com\/wordpress\/plugins\/seo\/ -->\n<title>Dode Hoek\/Angle Mort : la bande-annonce - w-l-c<\/title>\n<meta name=\"robots\" content=\"noindex, follow, max-snippet:-1, max-image-preview:large, max-video-preview:-1\" \/>\n<meta property=\"og:locale\" content=\"fr_FR\" \/>\n<meta property=\"og:type\" content=\"article\" \/>\n<meta property=\"og:title\" content=\"Dode Hoek\/Angle Mort : la bande-annonce - w-l-c\" \/>\n<meta property=\"og:description\" content=\"Apr\u00e8s Les Barons (2009) et La Marche (2013), Nabil Ben Yadir a tourn\u00e9 son troisi\u00e8me film, Angle Mort (Dode Hoek), en mars et avril derniers. Nous avons pr\u00e9sent\u00e9 une capsule enti\u00e8rement d\u00e9di\u00e9e au film dans les salles\u00a0de cin\u00e9ma en septembre (ICI). Aujourd&rsquo;hui c&rsquo;est l&rsquo;affiche et le trailer de ce thriller cinglant qui se d\u00e9roule \u00e0 &hellip;\" \/>\n<meta property=\"og:url\" content=\"https:\/\/w-l-c.be\/fr\/92702\/\" \/>\n<meta property=\"og:site_name\" content=\"w-l-c\" \/>\n<meta property=\"article:published_time\" content=\"2016-11-24T17:16:34+00:00\" \/>\n<meta property=\"article:modified_time\" content=\"2016-11-24T19:57:03+00:00\" \/>\n<meta property=\"og:image\" content=\"https:\/\/w-l-c.be\/wp-content\/uploads\/2016\/11\/AngleMort_DodeHoek_05.jpg\" \/>\n\t<meta property=\"og:image:width\" content=\"5236\" \/>\n\t<meta property=\"og:image:height\" content=\"3491\" \/>\n\t<meta property=\"og:image:type\" content=\"image\/jpeg\" \/>\n<meta name=\"author\" content=\"Philippe.Pierquin\" \/>\n<meta name=\"twitter:card\" content=\"summary_large_image\" \/>\n<meta name=\"twitter:label1\" content=\"\u00c9crit par\" \/>\n\t<meta name=\"twitter:data1\" content=\"Philippe.Pierquin\" \/>\n\t<meta name=\"twitter:label2\" content=\"Dur\u00e9e de lecture estim\u00e9e\" \/>\n\t<meta name=\"twitter:data2\" content=\"2 minutes\" \/>\n<script type=\"application\/ld+json\" class=\"yoast-schema-graph\">{\"@context\":\"https:\/\/schema.org\",\"@graph\":[{\"@type\":\"WebPage\",\"@id\":\"https:\/\/w-l-c.be\/fr\/92702\/\",\"url\":\"https:\/\/w-l-c.be\/fr\/92702\/\",\"name\":\"Dode Hoek\/Angle Mort : la bande-annonce - w-l-c\",\"isPartOf\":{\"@id\":\"https:\/\/w-l-c.be\/fr\/#website\"},\"datePublished\":\"2016-11-24T17:16:34+00:00\",\"dateModified\":\"2016-11-24T19:57:03+00:00\",\"author\":{\"@id\":\"https:\/\/w-l-c.be\/fr\/#\/schema\/person\/4b9b1d857f0943453a38a7c2859ef756\"},\"breadcrumb\":{\"@id\":\"https:\/\/w-l-c.be\/fr\/92702\/#breadcrumb\"},\"inLanguage\":\"fr-FR\",\"potentialAction\":[{\"@type\":\"ReadAction\",\"target\":[\"https:\/\/w-l-c.be\/fr\/92702\/\"]}]},{\"@type\":\"BreadcrumbList\",\"@id\":\"https:\/\/w-l-c.be\/fr\/92702\/#breadcrumb\",\"itemListElement\":[{\"@type\":\"ListItem\",\"position\":1,\"name\":\"Accueil\",\"item\":\"https:\/\/w-l-c.be\/fr\/\"},{\"@type\":\"ListItem\",\"position\":2,\"name\":\"Dode Hoek\/Angle Mort : la bande-annonce\"}]},{\"@type\":\"WebSite\",\"@id\":\"https:\/\/w-l-c.be\/fr\/#website\",\"url\":\"https:\/\/w-l-c.be\/fr\/\",\"name\":\"w-l-c\",\"description\":\"Le cin\u00e9ma vu par les belges\",\"potentialAction\":[{\"@type\":\"SearchAction\",\"target\":{\"@type\":\"EntryPoint\",\"urlTemplate\":\"https:\/\/w-l-c.be\/fr\/?s={search_term_string}\"},\"query-input\":\"required name=search_term_string\"}],\"inLanguage\":\"fr-FR\"},{\"@type\":\"Person\",\"@id\":\"https:\/\/w-l-c.be\/fr\/#\/schema\/person\/4b9b1d857f0943453a38a7c2859ef756\",\"name\":\"Philippe.Pierquin\",\"url\":\"https:\/\/w-l-c.be\/fr\/author\/philippe-pierquin\/\"}]}<\/script>\n<!-- \/ Yoast SEO plugin. -->","yoast_head_json":{"title":"Dode Hoek\/Angle Mort : la bande-annonce - w-l-c","robots":{"index":"noindex","follow":"follow","max-snippet":"max-snippet:-1","max-image-preview":"max-image-preview:large","max-video-preview":"max-video-preview:-1"},"og_locale":"fr_FR","og_type":"article","og_title":"Dode Hoek\/Angle Mort : la bande-annonce - w-l-c","og_description":"Apr\u00e8s Les Barons (2009) et La Marche (2013), Nabil Ben Yadir a tourn\u00e9 son troisi\u00e8me film, Angle Mort (Dode Hoek), en mars et avril derniers. Nous avons pr\u00e9sent\u00e9 une capsule enti\u00e8rement d\u00e9di\u00e9e au film dans les salles\u00a0de cin\u00e9ma en septembre (ICI). Aujourd&rsquo;hui c&rsquo;est l&rsquo;affiche et le trailer de ce thriller cinglant qui se d\u00e9roule \u00e0 &hellip;","og_url":"https:\/\/w-l-c.be\/fr\/92702\/","og_site_name":"w-l-c","article_published_time":"2016-11-24T17:16:34+00:00","article_modified_time":"2016-11-24T19:57:03+00:00","og_image":[{"width":5236,"height":3491,"url":"https:\/\/w-l-c.be\/wp-content\/uploads\/2016\/11\/AngleMort_DodeHoek_05.jpg","type":"image\/jpeg"}],"author":"Philippe.Pierquin","twitter_card":"summary_large_image","twitter_misc":{"\u00c9crit par":"Philippe.Pierquin","Dur\u00e9e de lecture estim\u00e9e":"2 minutes"},"schema":{"@context":"https:\/\/schema.org","@graph":[{"@type":"WebPage","@id":"https:\/\/w-l-c.be\/fr\/92702\/","url":"https:\/\/w-l-c.be\/fr\/92702\/","name":"Dode Hoek\/Angle Mort : la bande-annonce - w-l-c","isPartOf":{"@id":"https:\/\/w-l-c.be\/fr\/#website"},"datePublished":"2016-11-24T17:16:34+00:00","dateModified":"2016-11-24T19:57:03+00:00","author":{"@id":"https:\/\/w-l-c.be\/fr\/#\/schema\/person\/4b9b1d857f0943453a38a7c2859ef756"},"breadcrumb":{"@id":"https:\/\/w-l-c.be\/fr\/92702\/#breadcrumb"},"inLanguage":"fr-FR","potentialAction":[{"@type":"ReadAction","target":["https:\/\/w-l-c.be\/fr\/92702\/"]}]},{"@type":"BreadcrumbList","@id":"https:\/\/w-l-c.be\/fr\/92702\/#breadcrumb","itemListElement":[{"@type":"ListItem","position":1,"name":"Accueil","item":"https:\/\/w-l-c.be\/fr\/"},{"@type":"ListItem","position":2,"name":"Dode Hoek\/Angle Mort : la bande-annonce"}]},{"@type":"WebSite","@id":"https:\/\/w-l-c.be\/fr\/#website","url":"https:\/\/w-l-c.be\/fr\/","name":"w-l-c","description":"Le cin\u00e9ma vu par les belges","potentialAction":[{"@type":"SearchAction","target":{"@type":"EntryPoint","urlTemplate":"https:\/\/w-l-c.be\/fr\/?s={search_term_string}"},"query-input":"required name=search_term_string"}],"inLanguage":"fr-FR"},{"@type":"Person","@id":"https:\/\/w-l-c.be\/fr\/#\/schema\/person\/4b9b1d857f0943453a38a7c2859ef756","name":"Philippe.Pierquin","url":"https:\/\/w-l-c.be\/fr\/author\/philippe-pierquin\/"}]}},"_links":{"self":[{"href":"https:\/\/w-l-c.be\/fr\/wp-json\/wp\/v2\/posts\/92702","targetHints":{"allow":["GET"]}}],"collection":[{"href":"https:\/\/w-l-c.be\/fr\/wp-json\/wp\/v2\/posts"}],"about":[{"href":"https:\/\/w-l-c.be\/fr\/wp-json\/wp\/v2\/types\/post"}],"author":[{"embeddable":true,"href":"https:\/\/w-l-c.be\/fr\/wp-json\/wp\/v2\/users\/7"}],"replies":[{"embeddable":true,"href":"https:\/\/w-l-c.be\/fr\/wp-json\/wp\/v2\/comments?post=92702"}],"version-history":[{"count":0,"href":"https:\/\/w-l-c.be\/fr\/wp-json\/wp\/v2\/posts\/92702\/revisions"}],"wp:featuredmedia":[{"embeddable":true,"href":"https:\/\/w-l-c.be\/fr\/wp-json\/wp\/v2\/media\/92704"}],"wp:attachment":[{"href":"https:\/\/w-l-c.be\/fr\/wp-json\/wp\/v2\/media?parent=92702"}],"wp:term":[{"taxonomy":"category","embeddable":true,"href":"https:\/\/w-l-c.be\/fr\/wp-json\/wp\/v2\/categories?post=92702"},{"taxonomy":"post_tag","embeddable":true,"href":"https:\/\/w-l-c.be\/fr\/wp-json\/wp\/v2\/tags?post=92702"}],"curies":[{"name":"wp","href":"https:\/\/api.w.org\/{rel}","templated":true}]}}