
{"id":92726,"date":"2016-11-25T14:14:01","date_gmt":"2016-11-25T13:14:01","guid":{"rendered":"http:\/\/www.cinevox.be\/?p=92726"},"modified":"2016-11-25T14:14:01","modified_gmt":"2016-11-25T13:14:01","slug":"virginie-efira-presidente-de-la-7eme-ceremonie-des-magritte-du-cinema","status":"publish","type":"post","link":"https:\/\/w-l-c.be\/fr\/virginie-efira-presidente-de-la-7eme-ceremonie-des-magritte-du-cinema\/","title":{"rendered":"Virginie Efira, Pr\u00e9sidente de la 7\u00e8me C\u00e9r\u00e9monie des Magritte du Cin\u00e9ma"},"content":{"rendered":"<p>Chez Cinevox on a toujours d\u00e9fendu l\u2019id\u00e9e que le cin\u00e9ma n\u2019\u00e9tait pas un et indivisible, qu\u2019\u00e0 c\u00f4t\u00e9 des films d\u2019auteurs d\u00e9cortiqu\u00e9s par les critiques, il \u00e9tait fort sain qu\u2019existent aussi des longs m\u00e9trages plus l\u00e9gers parce que, soyons r\u00e9alistes, l\u2019essentiel du public se rue dans les salles pour se distraire, sans autre volont\u00e9 que de sourire, rire ou s\u2019\u00e9vader.\u00a0<!--more--><\/p>\n<p>&nbsp;<\/p>\n<p>Ce cin\u00e9ma-l\u00e0 a besoin de figures de proue, d\u2019acteurs et d\u2019actrices qui fassent r\u00eaver. \u00c7a vaut \u00e9galement pour la Belgique, m\u00eame si ce n\u2019est pas vraiment inscrit dans nos g\u00e8nes.<\/p>\n<p>Cette part de fantaisie qui d\u00e9borde all\u00e8grement du grand \u00e9cran est une des seules fa\u00e7ons de concurrencer un tout petit peu le cin\u00e9ma anglo-saxon qui excelle \u00e0 faire briller les \u00e9toiles pour hypnotiser les spectateurs\u2026 et remplir les salles.<\/p>\n<p>&nbsp;<\/p>\n<p>Chez nous, personne mieux que Virginie Efira ne se pr\u00eate de si bonne gr\u00e2ce au jeu des photo calls et des apparitions glamour. Ce qui ne l\u2019emp\u00eache d\u2019ailleurs pas de tourner beaucoup, dans des films de plus en plus int\u00e9ressants, h\u00e9ritant de r\u00f4les de plus en plus consistants et vari\u00e9s. Elle est un cas unique dans le paysage francophone s\u2019autorisant tous les registres avec un \u00e9gal bonheur.<\/p>\n<p>&nbsp;<\/p>\n<p><a href=\"http:\/\/www.cinevox.be\/wp-content\/uploads\/2016\/11\/308201_145637538914111_1457608793_n.jpg\"><img loading=\"lazy\" decoding=\"async\" class=\"aligncenter size-large wp-image-92727\" src=\"http:\/\/www.cinevox.be\/wp-content\/uploads\/2016\/11\/308201_145637538914111_1457608793_n-800x535.jpg\" alt=\"\" width=\"640\" height=\"428\" srcset=\"https:\/\/w-l-c.be\/wp-content\/uploads\/2016\/11\/308201_145637538914111_1457608793_n-800x535.jpg 800w, https:\/\/w-l-c.be\/wp-content\/uploads\/2016\/11\/308201_145637538914111_1457608793_n-403x270.jpg 403w, https:\/\/w-l-c.be\/wp-content\/uploads\/2016\/11\/308201_145637538914111_1457608793_n.jpg 960w\" sizes=\"auto, (max-width: 640px) 100vw, 640px\" \/><\/a><\/p>\n<p style=\"text-align: right;\"><em>\u00a0En 2012, lors d&rsquo;un Cinevox Happening, on l&rsquo;a vue boulevers\u00e9e et en larmes pendant la Standing Ovation provoqu\u00e9e par le merveilleux Dead man Talking.<\/em><\/p>\n<p>&nbsp;<\/p>\n<p>Une r\u00e9cente \u00e9tude men\u00e9e par T\u00e9l\u00e9rama a d\u2019ailleurs conclu qu\u2019elle \u00e9tait la personnalit\u00e9 belge la plus influente du cin\u00e9ma fran\u00e7ais<\/p>\n<p>&nbsp;<\/p>\n<p>Sa fraicheur, son talent et son c\u00f4t\u00e9 solaire font d\u2019elle un personnage dr\u00f4le et attachant. L\u2019actrice encha\u00eene les succ\u00e8s : rien que cette ann\u00e9e on l\u2019a vue dans <em>Un homme \u00e0 la hauteur, Victoria<\/em> et plus discr\u00e8te mais diabolique, dans <em>Elle<\/em> de Paul Verhoeven<\/p>\n<p>&nbsp;<\/p>\n<p>C\u2019est avec plaisir qu\u2019on vient d\u2019apprendre que Virginie Efira sera la Pr\u00e9sidente de la 7\u00e8me C\u00e9r\u00e9monie des Magritte du Cin\u00e9ma. \u00a0Le samedi 04 f\u00e9vrier, elle portera fi\u00e8rement le cin\u00e9ma belge, avec tout l\u2019\u00e9clat, l\u2019authenticit\u00e9 et l\u2019humour qu\u2019on lui conna\u00eet, en annon\u00e7ant : \u00abJe d\u00e9clare la 7\u00e8meC\u00e9r\u00e9monie des Magritte du Cin\u00e9ma ouverte\u00bb.<br \/>\nEt peut-\u00eatre profitera-telle de la soir\u00e9e pour d\u00e9crocher une statuette\u2026 On n\u2019en serait pas du tout \u00e9tonn\u00e9.<\/p>\n","protected":false},"excerpt":{"rendered":"<p>Chez Cinevox on a toujours d\u00e9fendu l\u2019id\u00e9e que le cin\u00e9ma n\u2019\u00e9tait pas un et indivisible, qu\u2019\u00e0 c\u00f4t\u00e9 des films d\u2019auteurs d\u00e9cortiqu\u00e9s par les critiques, il \u00e9tait fort sain qu\u2019existent aussi des longs m\u00e9trages plus l\u00e9gers parce que, soyons r\u00e9alistes, l\u2019essentiel du public se rue dans les salles pour se distraire, sans autre volont\u00e9 que de &hellip;<\/p>\n","protected":false},"author":7,"featured_media":92729,"comment_status":"closed","ping_status":"closed","sticky":false,"template":"","format":"standard","meta":{"ngg_post_thumbnail":0,"footnotes":""},"categories":[12],"tags":[],"class_list":["post-92726","post","type-post","status-publish","format-standard","has-post-thumbnail","","category-awards"],"yoast_head":"<!-- This site is optimized with the Yoast SEO plugin v20.4 - https:\/\/yoast.com\/wordpress\/plugins\/seo\/ -->\n<title>Virginie Efira, Pr\u00e9sidente de la 7\u00e8me C\u00e9r\u00e9monie des Magritte du Cin\u00e9ma - w-l-c<\/title>\n<meta name=\"robots\" content=\"noindex, follow, max-snippet:-1, max-image-preview:large, max-video-preview:-1\" \/>\n<meta property=\"og:locale\" content=\"fr_FR\" \/>\n<meta property=\"og:type\" content=\"article\" \/>\n<meta property=\"og:title\" content=\"Virginie Efira, Pr\u00e9sidente de la 7\u00e8me C\u00e9r\u00e9monie des Magritte du Cin\u00e9ma - w-l-c\" \/>\n<meta property=\"og:description\" content=\"Chez Cinevox on a toujours d\u00e9fendu l\u2019id\u00e9e que le cin\u00e9ma n\u2019\u00e9tait pas un et indivisible, qu\u2019\u00e0 c\u00f4t\u00e9 des films d\u2019auteurs d\u00e9cortiqu\u00e9s par les critiques, il \u00e9tait fort sain qu\u2019existent aussi des longs m\u00e9trages plus l\u00e9gers parce que, soyons r\u00e9alistes, l\u2019essentiel du public se rue dans les salles pour se distraire, sans autre volont\u00e9 que de &hellip;\" \/>\n<meta property=\"og:url\" content=\"https:\/\/w-l-c.be\/fr\/virginie-efira-presidente-de-la-7eme-ceremonie-des-magritte-du-cinema\/\" \/>\n<meta property=\"og:site_name\" content=\"w-l-c\" \/>\n<meta property=\"article:published_time\" content=\"2016-11-25T13:14:01+00:00\" \/>\n<meta property=\"og:image\" content=\"https:\/\/w-l-c.be\/wp-content\/uploads\/2016\/11\/IMG_9926-800x533.jpg\" \/>\n\t<meta property=\"og:image:width\" content=\"800\" \/>\n\t<meta property=\"og:image:height\" content=\"533\" \/>\n\t<meta property=\"og:image:type\" content=\"image\/jpeg\" \/>\n<meta name=\"author\" content=\"Philippe.Pierquin\" \/>\n<meta name=\"twitter:card\" content=\"summary_large_image\" \/>\n<meta name=\"twitter:label1\" content=\"\u00c9crit par\" \/>\n\t<meta name=\"twitter:data1\" content=\"Philippe.Pierquin\" \/>\n\t<meta name=\"twitter:label2\" content=\"Dur\u00e9e de lecture estim\u00e9e\" \/>\n\t<meta name=\"twitter:data2\" content=\"2 minutes\" \/>\n<script type=\"application\/ld+json\" class=\"yoast-schema-graph\">{\"@context\":\"https:\/\/schema.org\",\"@graph\":[{\"@type\":\"WebPage\",\"@id\":\"https:\/\/w-l-c.be\/fr\/virginie-efira-presidente-de-la-7eme-ceremonie-des-magritte-du-cinema\/\",\"url\":\"https:\/\/w-l-c.be\/fr\/virginie-efira-presidente-de-la-7eme-ceremonie-des-magritte-du-cinema\/\",\"name\":\"Virginie Efira, Pr\u00e9sidente de la 7\u00e8me C\u00e9r\u00e9monie des Magritte du Cin\u00e9ma - w-l-c\",\"isPartOf\":{\"@id\":\"https:\/\/w-l-c.be\/fr\/#website\"},\"datePublished\":\"2016-11-25T13:14:01+00:00\",\"dateModified\":\"2016-11-25T13:14:01+00:00\",\"author\":{\"@id\":\"https:\/\/w-l-c.be\/fr\/#\/schema\/person\/4b9b1d857f0943453a38a7c2859ef756\"},\"breadcrumb\":{\"@id\":\"https:\/\/w-l-c.be\/fr\/virginie-efira-presidente-de-la-7eme-ceremonie-des-magritte-du-cinema\/#breadcrumb\"},\"inLanguage\":\"fr-FR\",\"potentialAction\":[{\"@type\":\"ReadAction\",\"target\":[\"https:\/\/w-l-c.be\/fr\/virginie-efira-presidente-de-la-7eme-ceremonie-des-magritte-du-cinema\/\"]}]},{\"@type\":\"BreadcrumbList\",\"@id\":\"https:\/\/w-l-c.be\/fr\/virginie-efira-presidente-de-la-7eme-ceremonie-des-magritte-du-cinema\/#breadcrumb\",\"itemListElement\":[{\"@type\":\"ListItem\",\"position\":1,\"name\":\"Accueil\",\"item\":\"https:\/\/w-l-c.be\/fr\/\"},{\"@type\":\"ListItem\",\"position\":2,\"name\":\"Virginie Efira, Pr\u00e9sidente de la 7\u00e8me C\u00e9r\u00e9monie des Magritte du Cin\u00e9ma\"}]},{\"@type\":\"WebSite\",\"@id\":\"https:\/\/w-l-c.be\/fr\/#website\",\"url\":\"https:\/\/w-l-c.be\/fr\/\",\"name\":\"w-l-c\",\"description\":\"Le cin\u00e9ma vu par les belges\",\"potentialAction\":[{\"@type\":\"SearchAction\",\"target\":{\"@type\":\"EntryPoint\",\"urlTemplate\":\"https:\/\/w-l-c.be\/fr\/?s={search_term_string}\"},\"query-input\":\"required name=search_term_string\"}],\"inLanguage\":\"fr-FR\"},{\"@type\":\"Person\",\"@id\":\"https:\/\/w-l-c.be\/fr\/#\/schema\/person\/4b9b1d857f0943453a38a7c2859ef756\",\"name\":\"Philippe.Pierquin\",\"url\":\"https:\/\/w-l-c.be\/fr\/author\/philippe-pierquin\/\"}]}<\/script>\n<!-- \/ Yoast SEO plugin. -->","yoast_head_json":{"title":"Virginie Efira, Pr\u00e9sidente de la 7\u00e8me C\u00e9r\u00e9monie des Magritte du Cin\u00e9ma - w-l-c","robots":{"index":"noindex","follow":"follow","max-snippet":"max-snippet:-1","max-image-preview":"max-image-preview:large","max-video-preview":"max-video-preview:-1"},"og_locale":"fr_FR","og_type":"article","og_title":"Virginie Efira, Pr\u00e9sidente de la 7\u00e8me C\u00e9r\u00e9monie des Magritte du Cin\u00e9ma - w-l-c","og_description":"Chez Cinevox on a toujours d\u00e9fendu l\u2019id\u00e9e que le cin\u00e9ma n\u2019\u00e9tait pas un et indivisible, qu\u2019\u00e0 c\u00f4t\u00e9 des films d\u2019auteurs d\u00e9cortiqu\u00e9s par les critiques, il \u00e9tait fort sain qu\u2019existent aussi des longs m\u00e9trages plus l\u00e9gers parce que, soyons r\u00e9alistes, l\u2019essentiel du public se rue dans les salles pour se distraire, sans autre volont\u00e9 que de &hellip;","og_url":"https:\/\/w-l-c.be\/fr\/virginie-efira-presidente-de-la-7eme-ceremonie-des-magritte-du-cinema\/","og_site_name":"w-l-c","article_published_time":"2016-11-25T13:14:01+00:00","og_image":[{"width":800,"height":533,"url":"https:\/\/w-l-c.be\/wp-content\/uploads\/2016\/11\/IMG_9926-800x533.jpg","type":"image\/jpeg"}],"author":"Philippe.Pierquin","twitter_card":"summary_large_image","twitter_misc":{"\u00c9crit par":"Philippe.Pierquin","Dur\u00e9e de lecture estim\u00e9e":"2 minutes"},"schema":{"@context":"https:\/\/schema.org","@graph":[{"@type":"WebPage","@id":"https:\/\/w-l-c.be\/fr\/virginie-efira-presidente-de-la-7eme-ceremonie-des-magritte-du-cinema\/","url":"https:\/\/w-l-c.be\/fr\/virginie-efira-presidente-de-la-7eme-ceremonie-des-magritte-du-cinema\/","name":"Virginie Efira, Pr\u00e9sidente de la 7\u00e8me C\u00e9r\u00e9monie des Magritte du Cin\u00e9ma - w-l-c","isPartOf":{"@id":"https:\/\/w-l-c.be\/fr\/#website"},"datePublished":"2016-11-25T13:14:01+00:00","dateModified":"2016-11-25T13:14:01+00:00","author":{"@id":"https:\/\/w-l-c.be\/fr\/#\/schema\/person\/4b9b1d857f0943453a38a7c2859ef756"},"breadcrumb":{"@id":"https:\/\/w-l-c.be\/fr\/virginie-efira-presidente-de-la-7eme-ceremonie-des-magritte-du-cinema\/#breadcrumb"},"inLanguage":"fr-FR","potentialAction":[{"@type":"ReadAction","target":["https:\/\/w-l-c.be\/fr\/virginie-efira-presidente-de-la-7eme-ceremonie-des-magritte-du-cinema\/"]}]},{"@type":"BreadcrumbList","@id":"https:\/\/w-l-c.be\/fr\/virginie-efira-presidente-de-la-7eme-ceremonie-des-magritte-du-cinema\/#breadcrumb","itemListElement":[{"@type":"ListItem","position":1,"name":"Accueil","item":"https:\/\/w-l-c.be\/fr\/"},{"@type":"ListItem","position":2,"name":"Virginie Efira, Pr\u00e9sidente de la 7\u00e8me C\u00e9r\u00e9monie des Magritte du Cin\u00e9ma"}]},{"@type":"WebSite","@id":"https:\/\/w-l-c.be\/fr\/#website","url":"https:\/\/w-l-c.be\/fr\/","name":"w-l-c","description":"Le cin\u00e9ma vu par les belges","potentialAction":[{"@type":"SearchAction","target":{"@type":"EntryPoint","urlTemplate":"https:\/\/w-l-c.be\/fr\/?s={search_term_string}"},"query-input":"required name=search_term_string"}],"inLanguage":"fr-FR"},{"@type":"Person","@id":"https:\/\/w-l-c.be\/fr\/#\/schema\/person\/4b9b1d857f0943453a38a7c2859ef756","name":"Philippe.Pierquin","url":"https:\/\/w-l-c.be\/fr\/author\/philippe-pierquin\/"}]}},"_links":{"self":[{"href":"https:\/\/w-l-c.be\/fr\/wp-json\/wp\/v2\/posts\/92726","targetHints":{"allow":["GET"]}}],"collection":[{"href":"https:\/\/w-l-c.be\/fr\/wp-json\/wp\/v2\/posts"}],"about":[{"href":"https:\/\/w-l-c.be\/fr\/wp-json\/wp\/v2\/types\/post"}],"author":[{"embeddable":true,"href":"https:\/\/w-l-c.be\/fr\/wp-json\/wp\/v2\/users\/7"}],"replies":[{"embeddable":true,"href":"https:\/\/w-l-c.be\/fr\/wp-json\/wp\/v2\/comments?post=92726"}],"version-history":[{"count":0,"href":"https:\/\/w-l-c.be\/fr\/wp-json\/wp\/v2\/posts\/92726\/revisions"}],"wp:featuredmedia":[{"embeddable":true,"href":"https:\/\/w-l-c.be\/fr\/wp-json\/wp\/v2\/media\/92729"}],"wp:attachment":[{"href":"https:\/\/w-l-c.be\/fr\/wp-json\/wp\/v2\/media?parent=92726"}],"wp:term":[{"taxonomy":"category","embeddable":true,"href":"https:\/\/w-l-c.be\/fr\/wp-json\/wp\/v2\/categories?post=92726"},{"taxonomy":"post_tag","embeddable":true,"href":"https:\/\/w-l-c.be\/fr\/wp-json\/wp\/v2\/tags?post=92726"}],"curies":[{"name":"wp","href":"https:\/\/api.w.org\/{rel}","templated":true}]}}